{"id":185318,"date":"2021-09-13T08:02:58","date_gmt":"2021-09-13T12:02:58","guid":{"rendered":"https:\/\/www.ocorreionews.com.br\/acervo-correio\/?p=185318"},"modified":"2021-09-13T08:02:58","modified_gmt":"2021-09-13T12:02:58","slug":"morador-de-costa-rica-morre-em-acidente-no-mt","status":"publish","type":"post","link":"https:\/\/www.ocorreionews.com.br\/acervo-correio\/?p=185318","title":{"rendered":"Morador de Costa Rica morre em acidente no MT"},"content":{"rendered":"<p>Um acidente neste domingo (12), na rodovia MT-423, Sinop-Claudia, envolvendo um Fiat Siena prata, placas de Costa Rica (MS), e uma caminhonete Hillux, placas de Sorriso. Pedro de Jesus Paes da Silva, 54 anos morador de Costa Rica MS, acabou n\u00e3o resistindo e morreu no local. Ele estava no carro onde ficaram presas nas ferragens outras duas pessoas.<\/p>\n<p>Bombeiros e uma equipe da concession\u00e1ria da 163 fizeram o desencarceramento, socorreram os feridos que foram levados ao hospital regional. Um teve fratura no t\u00f3rax e outro, que estava no banco de tr\u00e1s, sofreu traumatismo craniano, ficou inconsciente e foi intubado assim que chegou no hospital.\u00a0 O segundo ferido sofreu fratura.<\/p>\n<p>Eles trabalham em uma empresa no setor de agroneg\u00f3cio, pr\u00f3ximo ao local do acidente, e residem em outros Estados.<\/p>\n<p>O perito Andre Furio, da Politec, apontou que houve colis\u00e3o frontal, a caminhonete estava na sua m\u00e3o e possivelmente houve invas\u00e3o de faixa. Uma das hip\u00f3teses \u00e9 que o carro tenha entrado na pista quando ocorreu a colis\u00e3o.<\/p>\n<p><a href=\"https:\/\/www.ocorreionews.com.br\/acervo-correio\/wp-content\/uploads\/2021\/09\/acidente-pedro.jpeg\"><img loading=\"lazy\" decoding=\"async\" class=\"alignnone size-full wp-image-185319\" src=\"https:\/\/www.ocorreionews.com.br\/acervo-correio\/wp-content\/uploads\/2021\/09\/acidente-pedro.jpeg\" alt=\"\" width=\"926\" height=\"721\" srcset=\"https:\/\/www.ocorreionews.com.br\/acervo-correio\/wp-content\/uploads\/2021\/09\/acidente-pedro.jpeg 926w, https:\/\/www.ocorreionews.com.br\/acervo-correio\/wp-content\/uploads\/2021\/09\/acidente-pedro-300x234.jpeg 300w, https:\/\/www.ocorreionews.com.br\/acervo-correio\/wp-content\/uploads\/2021\/09\/acidente-pedro-768x598.jpeg 768w\" sizes=\"auto, (max-width: 926px) 100vw, 926px\" \/><\/a><\/p>\n<p>&nbsp;<\/p>\n<p>Fonte: S\u00f3 Noticias<\/p>\n","protected":false},"excerpt":{"rendered":"<p>Um acidente neste domingo (12), na rodovia MT-423, Sinop-Claudia, envolvendo um Fiat Siena prata, placas de Costa Rica (MS), e uma caminhonete Hillux, placas de Sorriso. Pedro de Jesus Paes da Silva, 54 anos morador de Costa Rica MS, acabou n\u00e3o resistindo e morreu no local. Ele estava no carro onde ficaram presas nas ferragens [&hellip;]<\/p>\n","protected":false},"author":5,"featured_media":185320,"comment_status":"closed","ping_status":"closed","sticky":false,"template":"","format":"standard","meta":{"footnotes":""},"categories":[25,38],"tags":[],"class_list":["post-185318","post","type-post","status-publish","format-standard","has-post-thumbnail","hentry","category-costa-rica","category-policia"],"_links":{"self":[{"href":"https:\/\/www.ocorreionews.com.br\/acervo-correio\/index.php?rest_route=\/wp\/v2\/posts\/185318","targetHints":{"allow":["GET"]}}],"collection":[{"href":"https:\/\/www.ocorreionews.com.br\/acervo-correio\/index.php?rest_route=\/wp\/v2\/posts"}],"about":[{"href":"https:\/\/www.ocorreionews.com.br\/acervo-correio\/index.php?rest_route=\/wp\/v2\/types\/post"}],"author":[{"embeddable":true,"href":"https:\/\/www.ocorreionews.com.br\/acervo-correio\/index.php?rest_route=\/wp\/v2\/users\/5"}],"replies":[{"embeddable":true,"href":"https:\/\/www.ocorreionews.com.br\/acervo-correio\/index.php?rest_route=%2Fwp%2Fv2%2Fcomments&post=185318"}],"version-history":[{"count":1,"href":"https:\/\/www.ocorreionews.com.br\/acervo-correio\/index.php?rest_route=\/wp\/v2\/posts\/185318\/revisions"}],"predecessor-version":[{"id":185322,"href":"https:\/\/www.ocorreionews.com.br\/acervo-correio\/index.php?rest_route=\/wp\/v2\/posts\/185318\/revisions\/185322"}],"wp:featuredmedia":[{"embeddable":true,"href":"https:\/\/www.ocorreionews.com.br\/acervo-correio\/index.php?rest_route=\/wp\/v2\/media\/185320"}],"wp:attachment":[{"href":"https:\/\/www.ocorreionews.com.br\/acervo-correio\/index.php?rest_route=%2Fwp%2Fv2%2Fmedia&parent=185318"}],"wp:term":[{"taxonomy":"category","embeddable":true,"href":"https:\/\/www.ocorreionews.com.br\/acervo-correio\/index.php?rest_route=%2Fwp%2Fv2%2Fcategories&post=185318"},{"taxonomy":"post_tag","embeddable":true,"href":"https:\/\/www.ocorreionews.com.br\/acervo-correio\/index.php?rest_route=%2Fwp%2Fv2%2Ftags&post=185318"}],"curies":[{"name":"wp","href":"https:\/\/api.w.org\/{rel}","templated":true}]}}