{"id":18616,"date":"2016-01-14T07:45:58","date_gmt":"2016-01-14T10:45:58","guid":{"rendered":"https:\/\/ocorreionews.com.br\/?p=18616"},"modified":"2016-01-14T07:45:58","modified_gmt":"2016-01-14T10:45:58","slug":"relacao-das-diarias-do-poder-executivo-nos-meses-de-outubro-e-novembro","status":"publish","type":"post","link":"https:\/\/www.ocorreionews.com.br\/acervo-correio\/?p=18616","title":{"rendered":"Rela\u00e7\u00e3o das di\u00e1rias do Poder Executivo nos meses de outubro e novembro"},"content":{"rendered":"<p style=\"text-align: justify;\">Publicado no Di\u00e1rio Oficial do Municipal do munic\u00edpio desta quarta-feira 12, a rela\u00e7\u00e3o das di\u00e1rias dos funcion\u00e1rios do Poder Executivo, nos meses de outubro e novembro de 2015.<\/p>\n<p style=\"text-align: justify;\">Ao todo foram gastos em di\u00e1rias R$ 68.103.04 reais .<\/p>\n<p style=\"text-align: justify;\">Veja abaixo o quadro apresentado pelo Executivo<\/p>\n<p style=\"text-align: justify;\"><a href=\"https:\/\/ocorreionews.com.br\/wp-content\/uploads\/2016\/01\/DIAARIAS-2.jpg\" rel=\"attachment wp-att-18618\"><img loading=\"lazy\" decoding=\"async\" class=\"alignnone wp-image-18618 size-full\" src=\"https:\/\/ocorreionews.com.br\/wp-content\/uploads\/2016\/01\/DIAARIAS-2.jpg\" alt=\"DIAARIAS-2\" width=\"750\" height=\"730\" srcset=\"https:\/\/www.ocorreionews.com.br\/acervo-correio\/wp-content\/uploads\/2016\/01\/DIAARIAS-2.jpg 750w, https:\/\/www.ocorreionews.com.br\/acervo-correio\/wp-content\/uploads\/2016\/01\/DIAARIAS-2-300x292.jpg 300w, https:\/\/www.ocorreionews.com.br\/acervo-correio\/wp-content\/uploads\/2016\/01\/DIAARIAS-2-250x242.jpg 250w\" sizes=\"auto, (max-width: 750px) 100vw, 750px\" \/><\/a> <a href=\"https:\/\/ocorreionews.com.br\/wp-content\/uploads\/2016\/01\/DIAARIAS-1.jpg\" rel=\"attachment wp-att-18617\"><img loading=\"lazy\" decoding=\"async\" class=\"alignnone wp-image-18617 size-large\" src=\"https:\/\/ocorreionews.com.br\/wp-content\/uploads\/2016\/01\/DIAARIAS-1-675x1024.jpg\" alt=\"DIAARIAS-1\" width=\"675\" height=\"1024\" srcset=\"https:\/\/www.ocorreionews.com.br\/acervo-correio\/wp-content\/uploads\/2016\/01\/DIAARIAS-1-675x1024.jpg 675w, https:\/\/www.ocorreionews.com.br\/acervo-correio\/wp-content\/uploads\/2016\/01\/DIAARIAS-1-198x300.jpg 198w, https:\/\/www.ocorreionews.com.br\/acervo-correio\/wp-content\/uploads\/2016\/01\/DIAARIAS-1.jpg 750w\" sizes=\"auto, (max-width: 675px) 100vw, 675px\" \/><\/a><a href=\"https:\/\/ocorreionews.com.br\/wp-content\/uploads\/2016\/01\/DIAARIAS-3.jpg\" rel=\"attachment wp-att-18619\"><img loading=\"lazy\" decoding=\"async\" class=\"alignnone wp-image-18619 \" src=\"https:\/\/ocorreionews.com.br\/wp-content\/uploads\/2016\/01\/DIAARIAS-3.jpg\" alt=\"DIAARIAS-3\" width=\"627\" height=\"480\" srcset=\"https:\/\/www.ocorreionews.com.br\/acervo-correio\/wp-content\/uploads\/2016\/01\/DIAARIAS-3.jpg 600w, https:\/\/www.ocorreionews.com.br\/acervo-correio\/wp-content\/uploads\/2016\/01\/DIAARIAS-3-300x230.jpg 300w\" sizes=\"auto, (max-width: 627px) 100vw, 627px\" \/><\/a><\/p>\n","protected":false},"excerpt":{"rendered":"<p>Publicado no Di\u00e1rio Oficial do Municipal do munic\u00edpio desta quarta-feira 12, a rela\u00e7\u00e3o das di\u00e1rias dos funcion\u00e1rios do Poder Executivo, nos meses de outubro e novembro de 2015. Ao todo foram gastos em di\u00e1rias R$ 68.103.04 reais . Veja abaixo o quadro apresentado pelo Executivo<\/p>\n","protected":false},"author":4,"featured_media":1962,"comment_status":"closed","ping_status":"closed","sticky":false,"template":"","format":"standard","meta":{"footnotes":""},"categories":[23],"tags":[],"class_list":["post-18616","post","type-post","status-publish","format-standard","has-post-thumbnail","hentry","category-chapadao-do-sul"],"_links":{"self":[{"href":"https:\/\/www.ocorreionews.com.br\/acervo-correio\/index.php?rest_route=\/wp\/v2\/posts\/18616","targetHints":{"allow":["GET"]}}],"collection":[{"href":"https:\/\/www.ocorreionews.com.br\/acervo-correio\/index.php?rest_route=\/wp\/v2\/posts"}],"about":[{"href":"https:\/\/www.ocorreionews.com.br\/acervo-correio\/index.php?rest_route=\/wp\/v2\/types\/post"}],"author":[{"embeddable":true,"href":"https:\/\/www.ocorreionews.com.br\/acervo-correio\/index.php?rest_route=\/wp\/v2\/users\/4"}],"replies":[{"embeddable":true,"href":"https:\/\/www.ocorreionews.com.br\/acervo-correio\/index.php?rest_route=%2Fwp%2Fv2%2Fcomments&post=18616"}],"version-history":[{"count":0,"href":"https:\/\/www.ocorreionews.com.br\/acervo-correio\/index.php?rest_route=\/wp\/v2\/posts\/18616\/revisions"}],"wp:featuredmedia":[{"embeddable":true,"href":"https:\/\/www.ocorreionews.com.br\/acervo-correio\/index.php?rest_route=\/wp\/v2\/media\/1962"}],"wp:attachment":[{"href":"https:\/\/www.ocorreionews.com.br\/acervo-correio\/index.php?rest_route=%2Fwp%2Fv2%2Fmedia&parent=18616"}],"wp:term":[{"taxonomy":"category","embeddable":true,"href":"https:\/\/www.ocorreionews.com.br\/acervo-correio\/index.php?rest_route=%2Fwp%2Fv2%2Fcategories&post=18616"},{"taxonomy":"post_tag","embeddable":true,"href":"https:\/\/www.ocorreionews.com.br\/acervo-correio\/index.php?rest_route=%2Fwp%2Fv2%2Ftags&post=18616"}],"curies":[{"name":"wp","href":"https:\/\/api.w.org\/{rel}","templated":true}]}}