{"id":18633,"date":"2016-01-14T08:25:44","date_gmt":"2016-01-14T11:25:44","guid":{"rendered":"https:\/\/ocorreionews.com.br\/?p=18633"},"modified":"2016-01-14T08:25:44","modified_gmt":"2016-01-14T11:25:44","slug":"sisu-2016-ultima-parcial-da-nota-de-corte-e-divulgada-prazo-termina-hoje","status":"publish","type":"post","link":"https:\/\/www.ocorreionews.com.br\/acervo-correio\/?p=18633","title":{"rendered":"Sisu 2016: \u00faltima parcial da nota de corte \u00e9 divulgada; prazo termina hoje"},"content":{"rendered":"<p>As \u00faltimas notas de corte para o Sistema de Sele\u00e7\u00e3o Unificada (Sisu) de 2016 foram divulgadas nesta quinta (14) e <a href=\"http:\/\/sisu.mec.gov.br\/\" target=\"_blank\">j\u00e1 podem ser consultadas<\/a> pelos estudantes no portal de inscri\u00e7\u00f5es. Elas representam a menor nota para o candidato ficar entre os potencialmente selecionados para as 228 mil vagas em 131 institui\u00e7\u00f5es p\u00fablicas de educa\u00e7\u00e3o superior.<\/p>\n<p>O Minist\u00e9rio da Educa\u00e7\u00e3o havia informado que os dados seriam divulgados \u00e0s 9 horas &#8211; mas, \u00e0 0h, j\u00e1 estavam atualizados.<\/p>\n<p>Aqueles que buscam uma vaga devem se inscrever at\u00e9 as 23h59 (hor\u00e1rio de Bras\u00edlia) de quinta-feira (14). Para saber dicas de como realizar a inscri\u00e7\u00e3o da melhor forma poss\u00edvel, esclare\u00e7a as <a href=\"http:\/\/g1.globo.com\/educacao\/noticia\/2016\/01\/sisu-2016-veja-dicas-de-como-fazer-inscricao-no-ultimo-dia-do-prazo.html\">principais d\u00favidas aqui. <\/a><\/p>\n<p>Monitorar o sistema pode ajudar o estudante a aumentar suas chances de aprova\u00e7\u00e3o. Como o Sisu funciona de forma din\u00e2mica, \u00e9 poss\u00edvel mudar a inscri\u00e7\u00e3o quantas vezes for necess\u00e1rio at\u00e9 o prazo final.<\/p>\n<p>Se a nota de corte estiver muito acima da pontua\u00e7\u00e3o obtida no Exame Nacional do Ensino M\u00e9dio (Enem), a melhor sa\u00edda \u00e9 escolher outro curso e\/ou institui\u00e7\u00e3o com nota m\u00ednima mais baixa.<\/p>\n<p>Para participar do processo seletivo, o candidato deve ter feito o Enem em 2015. As notas foram divulgadas na \u00faltima sexta (8).<\/p>\n<p><strong>Aplicativo do Sisu<\/strong><br \/>\nNeste ano, o MEC lan\u00e7ou um aplicativo para os sistemas Android, Windows e IOS. A ferramenta \u00e9 voltada apenas para consulta de informa\u00e7\u00f5es do programa, j\u00e1 que a inscri\u00e7\u00e3o \u00e9 realizada exclusivamente no endere\u00e7o eletr\u00f4nico <a href=\"http:\/\/sisu.mec.gov.br\" target=\"_blank\">sisu.mec.gov.br<\/a>.<\/p>\n<p>O aplicativo, gratuito, oferece consultas a vagas dispon\u00edveis e uma calculadora eletr\u00f4nica, que permite simular a classifica\u00e7\u00e3o parcial. Ele tamb\u00e9m oferece uma agenda para datas de inscri\u00e7\u00e3o at\u00e9 a convoca\u00e7\u00e3o da lista de espera.<\/p>\n<p><strong>Como funciona o Sisu<\/strong><\/p>\n<p>Para disputar as vagas, al\u00e9m de ter feito a edi\u00e7\u00e3o 2015 do Enem, os candidatos devem ter obtido nota na prova de reda\u00e7\u00e3o que n\u00e3o seja zero.<\/p>\n<p>O Sisu \u00e9 um sistema eletr\u00f4nico gerenciado pelo MEC que seleciona os alunos de acordo com o desempenho no Enem. O estudante pode se inscrever em at\u00e9 duas op\u00e7\u00f5es de vagas, por ordem de prefer\u00eancia.<\/p>\n<p>Ao fazer sua inscri\u00e7\u00e3o, o candidato ainda precisa apontar se deseja concorrer \u00e0s vagas de ampla concorr\u00eancia, \u00e0s vagas reservadas para Lei de Cotas ou \u00e0s destinadas \u00e0s demais pol\u00edticas afirmativas da institui\u00e7\u00e3o selecionada.<\/p>\n<p>Durante o per\u00edodo de inscri\u00e7\u00e3o, \u00e9 poss\u00edvel verificar a nota de corte de cada curso e mudar a candidatura, otimizando as chances de aprova\u00e7\u00e3o.<\/p>\n<p><strong>Nota de corte<\/strong><br \/>\nA nota de corte \u00e9 a menor nota para o candidato ficar entre os potencialmente selecionados. O MEC alerta que ela &#8220;\u00e9 apenas uma refer\u00eancia para auxiliar o candidato no monitoramento de sua inscri\u00e7\u00e3o, n\u00e3o sendo garantia de sele\u00e7\u00e3o para a vaga ofertada. O sistema n\u00e3o faz o c\u00e1lculo em tempo real e a nota de corte \u00e9 modificada de acordo com a nota dos inscritos. A nota de corte s\u00f3 ser\u00e1 informada pelo sistema a partir do segundo dia de inscri\u00e7\u00e3o.&#8221;<\/p>\n<div class=\"tabela-materia componente_materia on\">\n<table>\n<thead>\n<tr>\n<th colspan=\"2\">CALEND\u00c1RIO DO SISU 2016<\/th>\n<\/tr>\n<\/thead>\n<tbody>\n<tr>\n<td>Inscri\u00e7\u00f5es<\/td>\n<td>11\/1 a 14\/1<\/td>\n<\/tr>\n<tr>\n<td>Resultado &#8211; chamada regular<\/td>\n<td>18\/1<\/td>\n<\/tr>\n<tr>\n<td>Matr\u00edculas<\/td>\n<td>22\/1, 25\/1 e 26\/1<\/td>\n<\/tr>\n<tr>\n<td>Lista de espera<\/td>\n<td>18\/1 a 29\/1<\/td>\n<\/tr>\n<\/tbody>\n<\/table>\n<\/div>\n<p><strong>Resultado<\/strong><br \/>\nO resultado da chamada regular ser\u00e1 divulgado no dia 18 de janeiro na p\u00e1gina do Sisu e nas institui\u00e7\u00f5es de ensino superior.<\/p>\n<p>As matr\u00edculas ocorrem nos dias 22, 25 e 26 de janeiro. Assim como na edi\u00e7\u00e3o anterior, s\u00f3 haver\u00e1 uma chamada.<\/p>\n<p>Entre os dias 18 de janeiro e 29 de janeiro os candidatos que n\u00e3o foram convocados para sua primeira op\u00e7\u00e3o podem entrar na lista de espera. Caso sobrem vagas, as institui\u00e7\u00f5es poder\u00e3o convocar os alunos dessa lista.<\/p>\n<p>Pelo Sisu, os candidatos que fizeram o Enem disputam vagas em institui\u00e7\u00f5es p\u00fablicas de ensino superior de todo o pa\u00eds.<\/p>\n<p><strong>USP adere ao Sisu<\/strong><br \/>\nA Universidade de S\u00e3o Paulo (USP) vai exigir nota m\u00ednima de 700 pontos no Enem para os cursos Engenharia Agron\u00f4mica, Engenharia Florestal, Gest\u00e3o Ambiental, Administra\u00e7\u00e3o, Odontologia, Qu\u00edmica, Medicina Veterin\u00e1ria e Zootecnia.<\/p>\n<p>Confira quais as carreiras e unidades:<br \/>\n&#8211; Campus de Piracicaba: Engenharia Agron\u00f4mica, Engenharia Florestal, Gest\u00e3o Ambiental.<br \/>\n&#8211; Campus de Ribeir\u00e3o Preto: Qu\u00edmica (Integral- Matutino\/Vespertino e noturno), Administra\u00e7\u00e3o (noturno e matutino), Odontologia (Integral-Matutino e Vespertino)<br \/>\n&#8211; Campus Pirassununga: Medicina Veterin\u00e1ria, Zootecnia.<\/p>\n<p>Nesses cursos, o aluno dever\u00e1 ter conseguido os 700 pontos na Reda\u00e7\u00e3o e em todas as provas (Matem\u00e1tica; Linguagens, C\u00f3digos; Ci\u00eancias Humanas e Ci\u00eancias da Natureza).<\/p>\n<p>Essa \u00e9 a primeira vez que universidade adere ao Sisu. A institui\u00e7\u00e3o decidiu que 1.499 das 11.057 vagas do vestibular 2016 ser\u00e3o preenchidas por meio da nota do Enem 2015. Alguns dos cursos mais concorridos, como medicina em S\u00e3o Paulo, audiovisual e engenharia, ficaram de fora da ades\u00e3o ao Enem.<\/p>\n<p>&nbsp;<\/p>\n<p>&nbsp;<\/p>\n<p>G1<\/p>\n","protected":false},"excerpt":{"rendered":"<p>As \u00faltimas notas de corte para o Sistema de Sele\u00e7\u00e3o Unificada (Sisu) de 2016 foram divulgadas nesta quinta (14) e j\u00e1 podem ser consultadas pelos estudantes no portal de inscri\u00e7\u00f5es. Elas representam a menor nota para o candidato ficar entre os potencialmente selecionados para as 228 mil vagas em 131 institui\u00e7\u00f5es p\u00fablicas de educa\u00e7\u00e3o superior. [&hellip;]<\/p>\n","protected":false},"author":4,"featured_media":2852,"comment_status":"closed","ping_status":"closed","sticky":false,"template":"","format":"standard","meta":{"footnotes":""},"categories":[27],"tags":[],"class_list":["post-18633","post","type-post","status-publish","format-standard","has-post-thumbnail","hentry","category-educacao"],"_links":{"self":[{"href":"https:\/\/www.ocorreionews.com.br\/acervo-correio\/index.php?rest_route=\/wp\/v2\/posts\/18633","targetHints":{"allow":["GET"]}}],"collection":[{"href":"https:\/\/www.ocorreionews.com.br\/acervo-correio\/index.php?rest_route=\/wp\/v2\/posts"}],"about":[{"href":"https:\/\/www.ocorreionews.com.br\/acervo-correio\/index.php?rest_route=\/wp\/v2\/types\/post"}],"author":[{"embeddable":true,"href":"https:\/\/www.ocorreionews.com.br\/acervo-correio\/index.php?rest_route=\/wp\/v2\/users\/4"}],"replies":[{"embeddable":true,"href":"https:\/\/www.ocorreionews.com.br\/acervo-correio\/index.php?rest_route=%2Fwp%2Fv2%2Fcomments&post=18633"}],"version-history":[{"count":0,"href":"https:\/\/www.ocorreionews.com.br\/acervo-correio\/index.php?rest_route=\/wp\/v2\/posts\/18633\/revisions"}],"wp:featuredmedia":[{"embeddable":true,"href":"https:\/\/www.ocorreionews.com.br\/acervo-correio\/index.php?rest_route=\/wp\/v2\/media\/2852"}],"wp:attachment":[{"href":"https:\/\/www.ocorreionews.com.br\/acervo-correio\/index.php?rest_route=%2Fwp%2Fv2%2Fmedia&parent=18633"}],"wp:term":[{"taxonomy":"category","embeddable":true,"href":"https:\/\/www.ocorreionews.com.br\/acervo-correio\/index.php?rest_route=%2Fwp%2Fv2%2Fcategories&post=18633"},{"taxonomy":"post_tag","embeddable":true,"href":"https:\/\/www.ocorreionews.com.br\/acervo-correio\/index.php?rest_route=%2Fwp%2Fv2%2Ftags&post=18633"}],"curies":[{"name":"wp","href":"https:\/\/api.w.org\/{rel}","templated":true}]}}