{"id":18635,"date":"2016-01-14T08:36:06","date_gmt":"2016-01-14T11:36:06","guid":{"rendered":"https:\/\/ocorreionews.com.br\/?p=18635"},"modified":"2016-01-14T08:36:06","modified_gmt":"2016-01-14T11:36:06","slug":"sisu-2016-diario-oficial-publica-normas-para-matriculas-na-uems","status":"publish","type":"post","link":"https:\/\/www.ocorreionews.com.br\/acervo-correio\/?p=18635","title":{"rendered":"SiSU 2016: Di\u00e1rio Oficial publica normas para matr\u00edculas na UEMS"},"content":{"rendered":"<p>Na manh\u00e3 desta quarta-feira (13), foi publicada uma instru\u00e7\u00e3o normativa, no Di\u00e1rio Oficial, para estabelecer os hor\u00e1rios de matr\u00edculas nos cursos de gradua\u00e7\u00e3o da Universidade Estadual de Mato Grosso do Sul (UEMS).<\/p>\n<p>Foi estabelecido o hor\u00e1rio das 13h \u00e0s 18h para a realiza\u00e7\u00e3o das matr\u00edculas em todas as Unidades universit\u00e1rias, no per\u00edodo da chamada regular do SiSU, a ser concretizada nos dias 22,25 e 26 de janeiro de 2016.<\/p>\n<p>A partir das chamadas da lista de espera, a matr\u00edcula ocorrer\u00e1 somente uma vez por semana e em dia e hor\u00e1rio fixo a ser definido pela Diretoria de Registro Acad\u00eamico e pela Pr\u00f3-reitoria de Ensino.<\/p>\n<p>As bancas de avalia\u00e7\u00e3o de candidatos cotistas negros estar\u00e3o dispon\u00edveis no hor\u00e1rio das 13h \u00e0s 16h nas unidades de Aquidauana, Campo Grande, Dourados e Parana\u00edba.<\/p>\n<p>O candidato cotista negro que tiver a matr\u00edcula indeferida dever\u00e1 entrar com recurso, enviando para a Divis\u00e3o de Processo Seletivo\/PROE, imediatamente, por fax ou pelo email: <a href=\"http:\/\/ingresso@uems\">ingresso@uems<\/a>.<\/p>\n<p>De acordo com o Di\u00e1rio Oficial, fica estabelecido que para os casos de recursos contra o indeferimento dos candidatos cotistas negros, estes dever\u00e3o se submeter a uma nova avalia\u00e7\u00e3o realizada por uma das outras bancas diferentes da qual foi avaliado.<\/p>\n<p><em>UEMS<\/em><\/p>\n","protected":false},"excerpt":{"rendered":"<p>Na manh\u00e3 desta quarta-feira (13), foi publicada uma instru\u00e7\u00e3o normativa, no Di\u00e1rio Oficial, para estabelecer os hor\u00e1rios de matr\u00edculas nos cursos de gradua\u00e7\u00e3o da Universidade Estadual de Mato Grosso do Sul (UEMS). Foi estabelecido o hor\u00e1rio das 13h \u00e0s 18h para a realiza\u00e7\u00e3o das matr\u00edculas em todas as Unidades universit\u00e1rias, no per\u00edodo da chamada regular [&hellip;]<\/p>\n","protected":false},"author":4,"featured_media":0,"comment_status":"closed","ping_status":"closed","sticky":false,"template":"","format":"standard","meta":{"footnotes":""},"categories":[27],"tags":[],"class_list":["post-18635","post","type-post","status-publish","format-standard","hentry","category-educacao"],"_links":{"self":[{"href":"https:\/\/www.ocorreionews.com.br\/acervo-correio\/index.php?rest_route=\/wp\/v2\/posts\/18635","targetHints":{"allow":["GET"]}}],"collection":[{"href":"https:\/\/www.ocorreionews.com.br\/acervo-correio\/index.php?rest_route=\/wp\/v2\/posts"}],"about":[{"href":"https:\/\/www.ocorreionews.com.br\/acervo-correio\/index.php?rest_route=\/wp\/v2\/types\/post"}],"author":[{"embeddable":true,"href":"https:\/\/www.ocorreionews.com.br\/acervo-correio\/index.php?rest_route=\/wp\/v2\/users\/4"}],"replies":[{"embeddable":true,"href":"https:\/\/www.ocorreionews.com.br\/acervo-correio\/index.php?rest_route=%2Fwp%2Fv2%2Fcomments&post=18635"}],"version-history":[{"count":0,"href":"https:\/\/www.ocorreionews.com.br\/acervo-correio\/index.php?rest_route=\/wp\/v2\/posts\/18635\/revisions"}],"wp:attachment":[{"href":"https:\/\/www.ocorreionews.com.br\/acervo-correio\/index.php?rest_route=%2Fwp%2Fv2%2Fmedia&parent=18635"}],"wp:term":[{"taxonomy":"category","embeddable":true,"href":"https:\/\/www.ocorreionews.com.br\/acervo-correio\/index.php?rest_route=%2Fwp%2Fv2%2Fcategories&post=18635"},{"taxonomy":"post_tag","embeddable":true,"href":"https:\/\/www.ocorreionews.com.br\/acervo-correio\/index.php?rest_route=%2Fwp%2Fv2%2Ftags&post=18635"}],"curies":[{"name":"wp","href":"https:\/\/api.w.org\/{rel}","templated":true}]}}