{"id":18641,"date":"2016-01-14T08:37:02","date_gmt":"2016-01-14T11:37:02","guid":{"rendered":"https:\/\/ocorreionews.com.br\/?p=18641"},"modified":"2016-01-14T08:37:02","modified_gmt":"2016-01-14T11:37:02","slug":"delcidio-e-vander-entram-na-mira-da-cassacao-de-mandato","status":"publish","type":"post","link":"https:\/\/www.ocorreionews.com.br\/acervo-correio\/?p=18641","title":{"rendered":"Delc\u00eddio e Vander entram na mira da cassa\u00e7\u00e3o de mandato"},"content":{"rendered":"<p>A opera\u00e7\u00e3o Lava Jato da Pol\u00edcia Federal deve provocar o fim da carreira pol\u00edtica de dois parlamentares de express\u00e3o do PT de Mato Grosso do Sul: senador Delc\u00eddio do Amaral e deputado federal Vander Loubet. \u00a0Na cadeia desde o dia 25 de novembro por atrapalhar as investiga\u00e7\u00f5es que apuram esquema de corrup\u00e7\u00e3o na Petrobras, Delc\u00eddio pode ter o mandato cassado nos pr\u00f3ximos dias por quebra de decoro parlamentar, pela Comiss\u00e3o de \u00c9tica do Senado.<\/p>\n<p>J\u00e1 Vander, tem contra ele a den\u00fancia da PGR (Procuradoria-Geral da Rep\u00fablica) que o acusa de participa\u00e7\u00e3o em organiza\u00e7\u00e3o criminosa, ligada ao senador Fernando Collor de Mello (PTB-AL) junto \u00e0 BR Distribuidora \u2014 subsidi\u00e1ria da Petrobras. Se o fato for comprovado, o deputado tamb\u00e9m poder\u00e1 sofrer cassa\u00e7\u00e3o na C\u00e2mara dos Deputados.<\/p>\n<p>No documento contra Vander Loubet, o procurador-geral da Rep\u00fablica, Rodrigo Janot afirmou que o ex-presidente Luiz In\u00e1cio Lula da Silva loteou a BR Distribuidora entre o senador Fernando Collor de Mello (PB-AL) e o PT. Vander seria no caso, segundo Janot, um dos benefici\u00e1rios do partido no \u201cesquema il\u00edcito que ocorria na BR em contratos com pelo menos quatro empresas nas \u00e1reas de bandeiras de postos de gasolina, engenharia civil, compra e venda de \u00e1lcool e gest\u00e3o e pagamento de programa de fidelidade\u201d<\/p>\n<p>&nbsp;<\/p>\n<p>&nbsp;<\/p>\n<p>Correio do Estado<\/p>\n","protected":false},"excerpt":{"rendered":"<p>A opera\u00e7\u00e3o Lava Jato da Pol\u00edcia Federal deve provocar o fim da carreira pol\u00edtica de dois parlamentares de express\u00e3o do PT de Mato Grosso do Sul: senador Delc\u00eddio do Amaral e deputado federal Vander Loubet. \u00a0Na cadeia desde o dia 25 de novembro por atrapalhar as investiga\u00e7\u00f5es que apuram esquema de corrup\u00e7\u00e3o na Petrobras, Delc\u00eddio [&hellip;]<\/p>\n","protected":false},"author":4,"featured_media":18642,"comment_status":"closed","ping_status":"closed","sticky":false,"template":"","format":"standard","meta":{"footnotes":""},"categories":[37],"tags":[],"class_list":["post-18641","post","type-post","status-publish","format-standard","has-post-thumbnail","hentry","category-politica"],"_links":{"self":[{"href":"https:\/\/www.ocorreionews.com.br\/acervo-correio\/index.php?rest_route=\/wp\/v2\/posts\/18641","targetHints":{"allow":["GET"]}}],"collection":[{"href":"https:\/\/www.ocorreionews.com.br\/acervo-correio\/index.php?rest_route=\/wp\/v2\/posts"}],"about":[{"href":"https:\/\/www.ocorreionews.com.br\/acervo-correio\/index.php?rest_route=\/wp\/v2\/types\/post"}],"author":[{"embeddable":true,"href":"https:\/\/www.ocorreionews.com.br\/acervo-correio\/index.php?rest_route=\/wp\/v2\/users\/4"}],"replies":[{"embeddable":true,"href":"https:\/\/www.ocorreionews.com.br\/acervo-correio\/index.php?rest_route=%2Fwp%2Fv2%2Fcomments&post=18641"}],"version-history":[{"count":0,"href":"https:\/\/www.ocorreionews.com.br\/acervo-correio\/index.php?rest_route=\/wp\/v2\/posts\/18641\/revisions"}],"wp:featuredmedia":[{"embeddable":true,"href":"https:\/\/www.ocorreionews.com.br\/acervo-correio\/index.php?rest_route=\/wp\/v2\/media\/18642"}],"wp:attachment":[{"href":"https:\/\/www.ocorreionews.com.br\/acervo-correio\/index.php?rest_route=%2Fwp%2Fv2%2Fmedia&parent=18641"}],"wp:term":[{"taxonomy":"category","embeddable":true,"href":"https:\/\/www.ocorreionews.com.br\/acervo-correio\/index.php?rest_route=%2Fwp%2Fv2%2Fcategories&post=18641"},{"taxonomy":"post_tag","embeddable":true,"href":"https:\/\/www.ocorreionews.com.br\/acervo-correio\/index.php?rest_route=%2Fwp%2Fv2%2Ftags&post=18641"}],"curies":[{"name":"wp","href":"https:\/\/api.w.org\/{rel}","templated":true}]}}