{"id":18666,"date":"2016-01-14T12:58:13","date_gmt":"2016-01-14T15:58:13","guid":{"rendered":"https:\/\/ocorreionews.com.br\/?p=18666"},"modified":"2016-01-14T12:58:13","modified_gmt":"2016-01-14T15:58:13","slug":"brasil-e-indicado-ao-oscar-de-melhor-animacao-com-o-menino-e-o-mundo","status":"publish","type":"post","link":"https:\/\/www.ocorreionews.com.br\/acervo-correio\/?p=18666","title":{"rendered":"Brasil \u00e9 indicado ao Oscar de melhor anima\u00e7\u00e3o com &#8216;O menino e o mundo&#8217;"},"content":{"rendered":"<p>O filme &#8220;O menino e o mundo&#8221;, do diretor Al\u00ea Abreu, foi indicado ao Oscar de melhor anima\u00e7\u00e3o do ano.<\/p>\n<p>A Academia de Artes e Ci\u00eancias Cinematogr\u00e1ficas de Hollywood anunciou na manh\u00e3 desta quinta-feira (14) os <a href=\"http:\/\/g1.globo.com\/pop-arte\/oscar\/2016\/noticia\/2016\/01\/oscar-2016-veja-lista-de-indicados.html\">indicados ao Oscar 2016<\/a>.<\/p>\n<div class=\"saibamais componente_materia\">O brasileiro concorre com &#8220;Anomalisa&#8221;, &#8220;Divertida mente&#8221;, &#8220;Shaun, o carneiro&#8221; e &#8220;Quando estou com Marnie&#8221;.<\/div>\n<p>A cerim\u00f4nia de entrega das estatuetas do 88\u00ba Oscar acontece no dia 28 de fevereiro.<\/p>\n<p><strong>Sobre o filme<\/strong><br \/>\nA anima\u00e7\u00e3o brasileira narra as aventuras de um menino que vive em uma cidade isolada e que um dia se lan\u00e7a em uma miss\u00e3o para encontrar seu pai. Usando a fantasia e a inoc\u00eancia, o filme aborda os problemas que afetam a Terra hoje, como a globaliza\u00e7\u00e3o, a crise econ\u00f4mica e a perda de valores.<\/p>\n<p>O filme \u00e9 dirigido pelo cineasta paulista Al\u00ea Abreu, de 44 anos, que em 2007 estreou a anima\u00e7\u00e3o &#8220;Garoto C\u00f3smico&#8221;. Ele tamb\u00e9m dirigiu os curtas &#8220;Espantalho&#8221; (1998) e &#8220;Passo&#8221; (2007). No v\u00eddeo abaixo, Abreu fala sobre a anima\u00e7\u00e3o indicada ao Oscar.<\/p>\n<p>&#8220;O menino e o mundo&#8221; conquistou, no ano passado, o Pr\u00eamio Cristal de longa-metragem no encerramento do 38\u00ba Festival do Filme de Anima\u00e7\u00e3o de Annecy, no leste da Fran\u00e7a, considerado o epicentro mundial do cinema de anima\u00e7\u00e3o.<\/p>\n<div id=\"2867448\" class=\"video componente_materia\" data-height=\"349\" data-width=\"620\"><\/div>\n","protected":false},"excerpt":{"rendered":"<p>O filme &#8220;O menino e o mundo&#8221;, do diretor Al\u00ea Abreu, foi indicado ao Oscar de melhor anima\u00e7\u00e3o do ano. A Academia de Artes e Ci\u00eancias Cinematogr\u00e1ficas de Hollywood anunciou na manh\u00e3 desta quinta-feira (14) os indicados ao Oscar 2016. O brasileiro concorre com &#8220;Anomalisa&#8221;, &#8220;Divertida mente&#8221;, &#8220;Shaun, o carneiro&#8221; e &#8220;Quando estou com Marnie&#8221;. [&hellip;]<\/p>\n","protected":false},"author":4,"featured_media":18667,"comment_status":"closed","ping_status":"closed","sticky":false,"template":"","format":"standard","meta":{"footnotes":""},"categories":[33],"tags":[],"class_list":["post-18666","post","type-post","status-publish","format-standard","has-post-thumbnail","hentry","category-mundo"],"_links":{"self":[{"href":"https:\/\/www.ocorreionews.com.br\/acervo-correio\/index.php?rest_route=\/wp\/v2\/posts\/18666","targetHints":{"allow":["GET"]}}],"collection":[{"href":"https:\/\/www.ocorreionews.com.br\/acervo-correio\/index.php?rest_route=\/wp\/v2\/posts"}],"about":[{"href":"https:\/\/www.ocorreionews.com.br\/acervo-correio\/index.php?rest_route=\/wp\/v2\/types\/post"}],"author":[{"embeddable":true,"href":"https:\/\/www.ocorreionews.com.br\/acervo-correio\/index.php?rest_route=\/wp\/v2\/users\/4"}],"replies":[{"embeddable":true,"href":"https:\/\/www.ocorreionews.com.br\/acervo-correio\/index.php?rest_route=%2Fwp%2Fv2%2Fcomments&post=18666"}],"version-history":[{"count":0,"href":"https:\/\/www.ocorreionews.com.br\/acervo-correio\/index.php?rest_route=\/wp\/v2\/posts\/18666\/revisions"}],"wp:featuredmedia":[{"embeddable":true,"href":"https:\/\/www.ocorreionews.com.br\/acervo-correio\/index.php?rest_route=\/wp\/v2\/media\/18667"}],"wp:attachment":[{"href":"https:\/\/www.ocorreionews.com.br\/acervo-correio\/index.php?rest_route=%2Fwp%2Fv2%2Fmedia&parent=18666"}],"wp:term":[{"taxonomy":"category","embeddable":true,"href":"https:\/\/www.ocorreionews.com.br\/acervo-correio\/index.php?rest_route=%2Fwp%2Fv2%2Fcategories&post=18666"},{"taxonomy":"post_tag","embeddable":true,"href":"https:\/\/www.ocorreionews.com.br\/acervo-correio\/index.php?rest_route=%2Fwp%2Fv2%2Ftags&post=18666"}],"curies":[{"name":"wp","href":"https:\/\/api.w.org\/{rel}","templated":true}]}}