{"id":18684,"date":"2016-01-14T13:39:13","date_gmt":"2016-01-14T16:39:13","guid":{"rendered":"https:\/\/ocorreionews.com.br\/?p=18684"},"modified":"2016-01-14T13:39:13","modified_gmt":"2016-01-14T16:39:13","slug":"apos-perseguicao-em-costa-rica-casal-e-preso-em-veiculo-com-produtos-contrabandeados-do-paraguai","status":"publish","type":"post","link":"https:\/\/www.ocorreionews.com.br\/acervo-correio\/?p=18684","title":{"rendered":"Ap\u00f3s persegui\u00e7\u00e3o em Costa Rica, casal \u00e9 preso em ve\u00edculo com produtos contrabandeados do Paraguai"},"content":{"rendered":"<div>Um homem de 28 anos e uma mulher de 62 anos, foram presos em flagrante \u00a0com perfumes, cremes de cabelo, sky&#8217;s gato, roteadores, calculadoras comerciais, torneiras, alicates e v\u00e1rios outros objetos por volta das 00h40 desta quarta-feira (13) na rodovia MS-359, em Costa Rica \u2013 MS. O flagrante foi feito pela pol\u00edcia civil do munic\u00edpio.<\/div>\n<div><\/div>\n<div>De acordo com a Pol\u00edcia, ao realizarem patrulhamento pela rodovia visualizaram quatro ve\u00edculos em alta velocidade, ao iniciarem o acompanhamento t\u00e1tico operacional obtiveram sucesso em abordam um dos ve\u00edculos, n\u00e3o houve a possibilidade de abordar os demais, sendo um tempra, um uno e outro n\u00e3o identificado, tendo em vista a forte chuva no momento da opera\u00e7\u00e3o.<\/div>\n<div><\/div>\n<div>Durante a vistoria foi constatado que o motorista transportava no ve\u00edculo, diversos brinquedos, DVD&#8217;s port\u00e1teis, repetidores de wifi, cabos de nilon, visores de celulares, rel\u00f3gios de bolso e molinetes e demais produtos. \u00c0 Pol\u00edcia, ele disse que comprou os produtos em Ciudad Del Este e pegaram em Pedro Juan Caballero, no Paraguai e levaria os produtos at\u00e9 a cidade de Goi\u00e2nia &#8211; GO, onde seria comercializado.<\/div>\n<div><\/div>\n<div>As mercadorias e o ve\u00edculo foram apreendidos e encaminhados \u00e0 Delegacia de Pol\u00edcia Civil de Costa Rica.<\/div>\n<div><\/div>\n<div>Kayron Rodrigues<\/div>\n","protected":false},"excerpt":{"rendered":"<p>Um homem de 28 anos e uma mulher de 62 anos, foram presos em flagrante \u00a0com perfumes, cremes de cabelo, sky&#8217;s gato, roteadores, calculadoras comerciais, torneiras, alicates e v\u00e1rios outros objetos por volta das 00h40 desta quarta-feira (13) na rodovia MS-359, em Costa Rica \u2013 MS. O flagrante foi feito pela pol\u00edcia civil do munic\u00edpio. [&hellip;]<\/p>\n","protected":false},"author":4,"featured_media":6084,"comment_status":"closed","ping_status":"closed","sticky":false,"template":"","format":"standard","meta":{"footnotes":""},"categories":[38],"tags":[],"class_list":["post-18684","post","type-post","status-publish","format-standard","has-post-thumbnail","hentry","category-policia"],"_links":{"self":[{"href":"https:\/\/www.ocorreionews.com.br\/acervo-correio\/index.php?rest_route=\/wp\/v2\/posts\/18684","targetHints":{"allow":["GET"]}}],"collection":[{"href":"https:\/\/www.ocorreionews.com.br\/acervo-correio\/index.php?rest_route=\/wp\/v2\/posts"}],"about":[{"href":"https:\/\/www.ocorreionews.com.br\/acervo-correio\/index.php?rest_route=\/wp\/v2\/types\/post"}],"author":[{"embeddable":true,"href":"https:\/\/www.ocorreionews.com.br\/acervo-correio\/index.php?rest_route=\/wp\/v2\/users\/4"}],"replies":[{"embeddable":true,"href":"https:\/\/www.ocorreionews.com.br\/acervo-correio\/index.php?rest_route=%2Fwp%2Fv2%2Fcomments&post=18684"}],"version-history":[{"count":0,"href":"https:\/\/www.ocorreionews.com.br\/acervo-correio\/index.php?rest_route=\/wp\/v2\/posts\/18684\/revisions"}],"wp:featuredmedia":[{"embeddable":true,"href":"https:\/\/www.ocorreionews.com.br\/acervo-correio\/index.php?rest_route=\/wp\/v2\/media\/6084"}],"wp:attachment":[{"href":"https:\/\/www.ocorreionews.com.br\/acervo-correio\/index.php?rest_route=%2Fwp%2Fv2%2Fmedia&parent=18684"}],"wp:term":[{"taxonomy":"category","embeddable":true,"href":"https:\/\/www.ocorreionews.com.br\/acervo-correio\/index.php?rest_route=%2Fwp%2Fv2%2Fcategories&post=18684"},{"taxonomy":"post_tag","embeddable":true,"href":"https:\/\/www.ocorreionews.com.br\/acervo-correio\/index.php?rest_route=%2Fwp%2Fv2%2Ftags&post=18684"}],"curies":[{"name":"wp","href":"https:\/\/api.w.org\/{rel}","templated":true}]}}