{"id":18690,"date":"2016-01-14T15:05:00","date_gmt":"2016-01-14T18:05:00","guid":{"rendered":"https:\/\/ocorreionews.com.br\/?p=18690"},"modified":"2016-01-14T16:11:29","modified_gmt":"2016-01-14T19:11:29","slug":"atencao-veiculo-da-saude-de-chapadao-do-ceu-envolveu-em-acidente-com-vitima-fatais","status":"publish","type":"post","link":"https:\/\/www.ocorreionews.com.br\/acervo-correio\/?p=18690","title":{"rendered":"Aten\u00e7\u00e3o: Veiculo da Sa\u00fade de Chapad\u00e3o do C\u00e9u envolveu se em um acidente com 03 v\u00edtimas fatais"},"content":{"rendered":"<p>Um grave acidente ocorrido no inicio dessa tarde, na GO 184, em cima da ponte do Rio Corrente, no povoado do Distrito de Itumirim, envolvendo um caminh\u00e3o e um carro da Secretaria de Sa\u00fade do munic\u00edpio de Chapad\u00e3o do C\u00e9u GO, ocasionou em v\u00edtimas fatais.<\/p>\n<p>Segundo informa\u00e7\u00f5es \u00a0<strong>ainda n\u00e3o oficiais<\/strong> que acabam de chegar a nossa reda\u00e7\u00e3o, o veiculo da sa\u00fade, diminuiu a velocidade para passar sobre os buracos que tem na entrada da ponte e o motorista da caminh\u00e3o\u00a0em alta velocidade atropelou o carro e ambos cairam\u00a0no rio.<\/p>\n<p>Dentro do ve\u00edculo de passeio havia quatro pessoas, sendo um casal de idosos que n\u00e3o sobreviveram ao acidente, uma mo\u00e7a que conseguiu se salvar; j\u00e1 o motorista do ve\u00edculo, ao tentar sair do rio foi levado pelas \u00e1guas e esta desaparecido. O motorista da carreta, assim como a mo\u00e7a, tamb\u00e9m conseguiu sair do rio com vida.<\/p>\n<p>Uma equipe do Corpo de Bombeiros de Jata\u00ed esta neste momento no local realizando o trabalho de resgate.<\/p>\n<p>As primeiras informa\u00e7\u00f5es obtidas, confirmaram a morte do motorista do \u00a0Maxwell e da sua sogra e uma pessoa identificada como Rudi.<\/p>\n<p><a href=\"http:\/\/plantaojti.com.br\/wp-content\/uploads\/2016\/01\/12400582_1056441234405949_3882699953409099109_n.jpg\" rel=\"lightbox-2\"><img loading=\"lazy\" decoding=\"async\" class=\"aligncenter size-full wp-image-43765\" src=\"http:\/\/plantaojti.com.br\/wp-content\/uploads\/2016\/01\/12400582_1056441234405949_3882699953409099109_n.jpg\" alt=\"12400582_1056441234405949_3882699953409099109_n\" width=\"800\" height=\"450\" \/><\/a><\/p>\n<p><a href=\"https:\/\/ocorreionews.com.br\/wp-content\/uploads\/2016\/01\/acidente-caminho-e-ambulancia2.jpg\" rel=\"attachment wp-att-18703\"><img loading=\"lazy\" decoding=\"async\" class=\"alignnone wp-image-18703 size-full\" src=\"https:\/\/ocorreionews.com.br\/wp-content\/uploads\/2016\/01\/acidente-caminho-e-ambulancia2.jpg\" alt=\"acidente caminho e ambulancia2\" width=\"800\" height=\"480\" srcset=\"https:\/\/www.ocorreionews.com.br\/acervo-correio\/wp-content\/uploads\/2016\/01\/acidente-caminho-e-ambulancia2.jpg 800w, https:\/\/www.ocorreionews.com.br\/acervo-correio\/wp-content\/uploads\/2016\/01\/acidente-caminho-e-ambulancia2-300x180.jpg 300w, https:\/\/www.ocorreionews.com.br\/acervo-correio\/wp-content\/uploads\/2016\/01\/acidente-caminho-e-ambulancia2-768x461.jpg 768w\" sizes=\"auto, (max-width: 800px) 100vw, 800px\" \/><\/a><\/p>\n<p><a href=\"http:\/\/plantaojti.com.br\/wp-content\/uploads\/2016\/01\/12541072_1056434477739958_2255792177857933062_n.jpg\" rel=\"lightbox-3\"><img loading=\"lazy\" decoding=\"async\" class=\"aligncenter wp-image-43763 \" src=\"http:\/\/plantaojti.com.br\/wp-content\/uploads\/2016\/01\/12541072_1056434477739958_2255792177857933062_n.jpg\" alt=\"12541072_1056434477739958_2255792177857933062_n\" width=\"799\" height=\"448\" \/><\/a><\/p>\n<p><strong>Em instante maiores informa\u00e7\u00f5es<\/strong><\/p>\n<p>&nbsp;<\/p>\n<p>&nbsp;<\/p>\n<p>Ocorreio News com informa\u00e7\u00f5es Plant\u00e3o JTI &#8211; Fotos via\u00a0WhatsApp<\/p>\n<p>&nbsp;<\/p>\n<p>&nbsp;<\/p>\n<p>&nbsp;<\/p>\n<p>Editado para acr\u00e9scimos de informa\u00e7\u00f5es<\/p>\n","protected":false},"excerpt":{"rendered":"<p>Um grave acidente ocorrido no inicio dessa tarde, na GO 184, em cima da ponte do Rio Corrente, no povoado do Distrito de Itumirim, envolvendo um caminh\u00e3o e um carro da Secretaria de Sa\u00fade do munic\u00edpio de Chapad\u00e3o do C\u00e9u GO, ocasionou em v\u00edtimas fatais. Segundo informa\u00e7\u00f5es \u00a0ainda n\u00e3o oficiais que acabam de chegar a [&hellip;]<\/p>\n","protected":false},"author":4,"featured_media":18695,"comment_status":"closed","ping_status":"closed","sticky":false,"template":"","format":"standard","meta":{"footnotes":""},"categories":[22],"tags":[],"class_list":["post-18690","post","type-post","status-publish","format-standard","has-post-thumbnail","hentry","category-chapadao-do-ceu"],"_links":{"self":[{"href":"https:\/\/www.ocorreionews.com.br\/acervo-correio\/index.php?rest_route=\/wp\/v2\/posts\/18690","targetHints":{"allow":["GET"]}}],"collection":[{"href":"https:\/\/www.ocorreionews.com.br\/acervo-correio\/index.php?rest_route=\/wp\/v2\/posts"}],"about":[{"href":"https:\/\/www.ocorreionews.com.br\/acervo-correio\/index.php?rest_route=\/wp\/v2\/types\/post"}],"author":[{"embeddable":true,"href":"https:\/\/www.ocorreionews.com.br\/acervo-correio\/index.php?rest_route=\/wp\/v2\/users\/4"}],"replies":[{"embeddable":true,"href":"https:\/\/www.ocorreionews.com.br\/acervo-correio\/index.php?rest_route=%2Fwp%2Fv2%2Fcomments&post=18690"}],"version-history":[{"count":0,"href":"https:\/\/www.ocorreionews.com.br\/acervo-correio\/index.php?rest_route=\/wp\/v2\/posts\/18690\/revisions"}],"wp:featuredmedia":[{"embeddable":true,"href":"https:\/\/www.ocorreionews.com.br\/acervo-correio\/index.php?rest_route=\/wp\/v2\/media\/18695"}],"wp:attachment":[{"href":"https:\/\/www.ocorreionews.com.br\/acervo-correio\/index.php?rest_route=%2Fwp%2Fv2%2Fmedia&parent=18690"}],"wp:term":[{"taxonomy":"category","embeddable":true,"href":"https:\/\/www.ocorreionews.com.br\/acervo-correio\/index.php?rest_route=%2Fwp%2Fv2%2Fcategories&post=18690"},{"taxonomy":"post_tag","embeddable":true,"href":"https:\/\/www.ocorreionews.com.br\/acervo-correio\/index.php?rest_route=%2Fwp%2Fv2%2Ftags&post=18690"}],"curies":[{"name":"wp","href":"https:\/\/api.w.org\/{rel}","templated":true}]}}