{"id":18712,"date":"2016-01-15T07:45:39","date_gmt":"2016-01-15T10:45:39","guid":{"rendered":"https:\/\/ocorreionews.com.br\/?p=18712"},"modified":"2016-01-15T07:45:39","modified_gmt":"2016-01-15T10:45:39","slug":"homem-morre-esmagado-por-trator-em-rio-verde-go","status":"publish","type":"post","link":"https:\/\/www.ocorreionews.com.br\/acervo-correio\/?p=18712","title":{"rendered":"Homem morre esmagado por trator em Rio Verde \u2013 GO"},"content":{"rendered":"<p>O<\/p>\n<p>O trabalhador rural Ac\u00e1cio Roberto da Silva, de 59 anos, morreu ap\u00f3s ser esmagado por um trator, , em Rio Verde<b>\u00a0<\/b>no Sudoeste Goiano.<\/p>\n<p>De acordo com informa\u00e7\u00f5es do Corpo de Bombeiros, ele estava conduzindo o ve\u00edculo por uma estrada vicinal e perdeu o controle do equipamento ao tentar atravessar um mata-burro.<\/p>\n<p>O trator tombou e acabou de rodas para cima pressionando o corpo de Ac\u00e1cio contra o ch\u00e3o.<\/p>\n<p>O funcion\u00e1rio da Fazenda Santo Ant\u00f4nio teve esmagamento de cr\u00e2nio e m\u00faltiplas fraturas pelo corpo.<\/p>\n<p>O Corpo de Bombeiros foi acionado por volta das 11h, quando populares se depararam com o acidente.<\/p>\n<p><img loading=\"lazy\" decoding=\"async\" class=\"alignnone size-full wp-image-32892\" src=\"http:\/\/sergiolopesnews.com.br\/wp-content\/uploads\/2016\/01\/Trator-1.jpg\" sizes=\"auto, (max-width: 640px) 100vw, 640px\" srcset=\"http:\/\/sergiolopesnews.com.br\/wp-content\/uploads\/2016\/01\/Trator-1-300x169.jpg 300w, http:\/\/sergiolopesnews.com.br\/wp-content\/uploads\/2016\/01\/Trator-1.jpg 640w\" alt=\"Trator 1\" width=\"640\" height=\"360\" \/><img loading=\"lazy\" decoding=\"async\" class=\"alignnone size-full wp-image-32893\" src=\"http:\/\/sergiolopesnews.com.br\/wp-content\/uploads\/2016\/01\/Trator-2.jpg\" sizes=\"auto, (max-width: 640px) 100vw, 640px\" srcset=\"http:\/\/sergiolopesnews.com.br\/wp-content\/uploads\/2016\/01\/Trator-2-300x169.jpg 300w, http:\/\/sergiolopesnews.com.br\/wp-content\/uploads\/2016\/01\/Trator-2.jpg 640w\" alt=\"Trator 2\" width=\"640\" height=\"360\" \/><img loading=\"lazy\" decoding=\"async\" class=\"alignnone size-full wp-image-32894\" src=\"http:\/\/sergiolopesnews.com.br\/wp-content\/uploads\/2016\/01\/Trator-3.jpg\" sizes=\"auto, (max-width: 640px) 100vw, 640px\" srcset=\"http:\/\/sergiolopesnews.com.br\/wp-content\/uploads\/2016\/01\/Trator-3-300x169.jpg 300w, http:\/\/sergiolopesnews.com.br\/wp-content\/uploads\/2016\/01\/Trator-3.jpg 640w\" alt=\"Trator 3\" width=\"640\" height=\"360\" \/><img loading=\"lazy\" decoding=\"async\" class=\"alignnone size-full wp-image-32895\" src=\"http:\/\/sergiolopesnews.com.br\/wp-content\/uploads\/2016\/01\/Trator-4.jpg\" sizes=\"auto, (max-width: 640px) 100vw, 640px\" srcset=\"http:\/\/sergiolopesnews.com.br\/wp-content\/uploads\/2016\/01\/Trator-4-300x169.jpg 300w, http:\/\/sergiolopesnews.com.br\/wp-content\/uploads\/2016\/01\/Trator-4.jpg 640w\" alt=\"Trator 4\" width=\"640\" height=\"360\" \/><\/p>\n<p>Fonte:<strong>sergiolopesnews.<\/strong><\/p>\n","protected":false},"excerpt":{"rendered":"<p>O O trabalhador rural Ac\u00e1cio Roberto da Silva, de 59 anos, morreu ap\u00f3s ser esmagado por um trator, , em Rio Verde\u00a0no Sudoeste Goiano. De acordo com informa\u00e7\u00f5es do Corpo de Bombeiros, ele estava conduzindo o ve\u00edculo por uma estrada vicinal e perdeu o controle do equipamento ao tentar atravessar um mata-burro. O trator tombou [&hellip;]<\/p>\n","protected":false},"author":4,"featured_media":18713,"comment_status":"closed","ping_status":"closed","sticky":false,"template":"","format":"standard","meta":{"footnotes":""},"categories":[38],"tags":[],"class_list":["post-18712","post","type-post","status-publish","format-standard","has-post-thumbnail","hentry","category-policia"],"_links":{"self":[{"href":"https:\/\/www.ocorreionews.com.br\/acervo-correio\/index.php?rest_route=\/wp\/v2\/posts\/18712","targetHints":{"allow":["GET"]}}],"collection":[{"href":"https:\/\/www.ocorreionews.com.br\/acervo-correio\/index.php?rest_route=\/wp\/v2\/posts"}],"about":[{"href":"https:\/\/www.ocorreionews.com.br\/acervo-correio\/index.php?rest_route=\/wp\/v2\/types\/post"}],"author":[{"embeddable":true,"href":"https:\/\/www.ocorreionews.com.br\/acervo-correio\/index.php?rest_route=\/wp\/v2\/users\/4"}],"replies":[{"embeddable":true,"href":"https:\/\/www.ocorreionews.com.br\/acervo-correio\/index.php?rest_route=%2Fwp%2Fv2%2Fcomments&post=18712"}],"version-history":[{"count":0,"href":"https:\/\/www.ocorreionews.com.br\/acervo-correio\/index.php?rest_route=\/wp\/v2\/posts\/18712\/revisions"}],"wp:featuredmedia":[{"embeddable":true,"href":"https:\/\/www.ocorreionews.com.br\/acervo-correio\/index.php?rest_route=\/wp\/v2\/media\/18713"}],"wp:attachment":[{"href":"https:\/\/www.ocorreionews.com.br\/acervo-correio\/index.php?rest_route=%2Fwp%2Fv2%2Fmedia&parent=18712"}],"wp:term":[{"taxonomy":"category","embeddable":true,"href":"https:\/\/www.ocorreionews.com.br\/acervo-correio\/index.php?rest_route=%2Fwp%2Fv2%2Fcategories&post=18712"},{"taxonomy":"post_tag","embeddable":true,"href":"https:\/\/www.ocorreionews.com.br\/acervo-correio\/index.php?rest_route=%2Fwp%2Fv2%2Ftags&post=18712"}],"curies":[{"name":"wp","href":"https:\/\/api.w.org\/{rel}","templated":true}]}}