{"id":18716,"date":"2016-01-15T07:49:20","date_gmt":"2016-01-15T10:49:20","guid":{"rendered":"https:\/\/ocorreionews.com.br\/?p=18716"},"modified":"2016-01-15T07:54:17","modified_gmt":"2016-01-15T10:54:17","slug":"sao-gabriel-do-oeste-recebe-primeiro-encontro-de-aeronaves","status":"publish","type":"post","link":"https:\/\/www.ocorreionews.com.br\/acervo-correio\/?p=18716","title":{"rendered":"S\u00e3o Gabriel do Oeste recebe Primeiro Encontro de Aeronaves"},"content":{"rendered":"<p>Com atra\u00e7\u00f5es como paraquedismo, acrobacias, v\u00f4os panor\u00e2micos e aeromodelismo, S\u00e3o Gabriel do Oeste deve receber entre os dias 22 e 24 deste m\u00eas, o \u201cPrimeiro Encontro de Aeronaves de S\u00e3o Gabriel do Oeste\/MS\u201d. O\u00a0evento acontecer\u00e1 no Aer\u00f3dromo Rosada \u2013 SSGO.<\/p>\n<p>Para o evento, j\u00e1 est\u00e3o confirmadas a presen\u00e7a de mais de 30 aeronaves de diferentes modelos, vindos de v\u00e1rias partes do Pa\u00eds, como Rio Grande do Sul, Bahia, Goi\u00e1s, Campo Grande, entre outras.<\/p>\n<p>O encontro tamb\u00e9m contar\u00e1 com a presen\u00e7a de fabricantes da aeronave Quasar, que na oportunidade estar\u00e3o com modelos em exposi\u00e7\u00e3o para a venda, e representantes da Escola de Avia\u00e7\u00e3o Leve de Campo Grande.<\/p>\n<p>A entrada no evento ser\u00e1 de apenas R$ 5 por pessoa.\u00a0 J\u00e1 o almo\u00e7o que ser\u00e1 servido no local, que ter\u00e1 em seu card\u00e1pio churrasco com costel\u00e3o e leit\u00e3o no rolete, ter\u00e1 o valor de R$ 25 por pessoa.<\/p>\n<p>A realiza\u00e7\u00e3o do evento \u00e9 de da Serrana Avia\u00e7\u00e3o Agr\u00edcola, Fazendas Baseggio \/ Valquirio Baseggio e Guinter Maffissoni Guimar\u00e3es, com o apoio do Aeroclube de Passo Fundo (RS), Asas do Sul Escola de Avia\u00e7\u00e3o Leve e Quasar Aircraft.<\/p>\n<p>Informa\u00e7\u00f5es podem ser adquiridas pelos telefones: (67) 9962.1777 na Serrana Avia\u00e7\u00e3o; (67) 99681785 com Valquirio Baseggio e (67) 9906.4191 com Guinter Maffissoni.<\/p>\n<p>&nbsp;<\/p>\n<p>Suzana Vanessa &#8211; Veja folha<\/p>\n","protected":false},"excerpt":{"rendered":"<p>Com atra\u00e7\u00f5es como paraquedismo, acrobacias, v\u00f4os panor\u00e2micos e aeromodelismo, S\u00e3o Gabriel do Oeste deve receber entre os dias 22 e 24 deste m\u00eas, o \u201cPrimeiro Encontro de Aeronaves de S\u00e3o Gabriel do Oeste\/MS\u201d. O\u00a0evento acontecer\u00e1 no Aer\u00f3dromo Rosada \u2013 SSGO. Para o evento, j\u00e1 est\u00e3o confirmadas a presen\u00e7a de mais de 30 aeronaves de diferentes [&hellip;]<\/p>\n","protected":false},"author":4,"featured_media":18717,"comment_status":"closed","ping_status":"closed","sticky":false,"template":"","format":"standard","meta":{"footnotes":""},"categories":[29],"tags":[],"class_list":["post-18716","post","type-post","status-publish","format-standard","has-post-thumbnail","hentry","category-esporte"],"_links":{"self":[{"href":"https:\/\/www.ocorreionews.com.br\/acervo-correio\/index.php?rest_route=\/wp\/v2\/posts\/18716","targetHints":{"allow":["GET"]}}],"collection":[{"href":"https:\/\/www.ocorreionews.com.br\/acervo-correio\/index.php?rest_route=\/wp\/v2\/posts"}],"about":[{"href":"https:\/\/www.ocorreionews.com.br\/acervo-correio\/index.php?rest_route=\/wp\/v2\/types\/post"}],"author":[{"embeddable":true,"href":"https:\/\/www.ocorreionews.com.br\/acervo-correio\/index.php?rest_route=\/wp\/v2\/users\/4"}],"replies":[{"embeddable":true,"href":"https:\/\/www.ocorreionews.com.br\/acervo-correio\/index.php?rest_route=%2Fwp%2Fv2%2Fcomments&post=18716"}],"version-history":[{"count":0,"href":"https:\/\/www.ocorreionews.com.br\/acervo-correio\/index.php?rest_route=\/wp\/v2\/posts\/18716\/revisions"}],"wp:featuredmedia":[{"embeddable":true,"href":"https:\/\/www.ocorreionews.com.br\/acervo-correio\/index.php?rest_route=\/wp\/v2\/media\/18717"}],"wp:attachment":[{"href":"https:\/\/www.ocorreionews.com.br\/acervo-correio\/index.php?rest_route=%2Fwp%2Fv2%2Fmedia&parent=18716"}],"wp:term":[{"taxonomy":"category","embeddable":true,"href":"https:\/\/www.ocorreionews.com.br\/acervo-correio\/index.php?rest_route=%2Fwp%2Fv2%2Fcategories&post=18716"},{"taxonomy":"post_tag","embeddable":true,"href":"https:\/\/www.ocorreionews.com.br\/acervo-correio\/index.php?rest_route=%2Fwp%2Fv2%2Ftags&post=18716"}],"curies":[{"name":"wp","href":"https:\/\/api.w.org\/{rel}","templated":true}]}}