{"id":18726,"date":"2016-01-15T08:18:21","date_gmt":"2016-01-15T11:18:21","guid":{"rendered":"https:\/\/ocorreionews.com.br\/?p=18726"},"modified":"2016-01-15T08:18:21","modified_gmt":"2016-01-15T11:18:21","slug":"governo-estuda-adiar-o-inicio-do-ano-letivo-por-causa-das-chuvas-no-estado","status":"publish","type":"post","link":"https:\/\/www.ocorreionews.com.br\/acervo-correio\/?p=18726","title":{"rendered":"Governo estuda adiar o in\u00edcio do ano letivo por causa das chuvas no Estado"},"content":{"rendered":"<p>Ap\u00f3s o pedido de adiamento do in\u00edcio do calend\u00e1rio escolar, feito pela Associa\u00e7\u00e3o dos Munic\u00edpios de Mato Grosso do Sul (Assomasul), o Governo do Estado estuda \u00a0agora as possibilidades de atender a solicita\u00e7\u00e3o readequando o ano letivo sem prejudicar o ensino e o desempenho de alunos e professores.<\/p>\n<p>A secret\u00e1ria Estadual de Educa\u00e7\u00e3o, Maria Cec\u00edlia Am\u00eandola, explica que o principal \u00e9 manter a qualidade na forma\u00e7\u00e3o. \u201cEstamos estudando uma maneira de adiar o ano letivo sem prejudicar o ensino, sem prejudicar pais, alunos e professores\u201d.<\/p>\n<p>Transformar s\u00e1bados em dias letivos, onde a escola ofere\u00e7a atividades aos estudantes e professores, n\u00e3o \u00e9, a princ\u00edpio, a inten\u00e7\u00e3o da Secretaria Estadual de Educa\u00e7\u00e3o (SED), como explicou a titular da pasta. \u201cN\u00f3s j\u00e1 temos no calend\u00e1rio alguns s\u00e1bados como dia letivo, quando acontecem conselhos de classe, reuni\u00f5es, e n\u00e3o pretendemos aumentar esse n\u00famero de s\u00e1bados no calend\u00e1rio escolar\u201d, explicou. No entanto, Maria Cec\u00edlia<\/p>\n<p>Maria Cec\u00edlia explica que o pedido foi feita nesta quarta-feira (13) e ainda \u00e9 muito cedo para falar da proposta. \u201cRecebi o pedido ontem e estamos estudando desde ent\u00e3o todas as possibilidades\u201d, disse.<\/p>\n<p><strong>Adiamento<\/strong><\/p>\n<p>O presidente da Associa\u00e7\u00e3o dos Munic\u00edpios de Mato Grosso do Sul (Assomasul), o prefeito de Nova Alvorada do Sul, Juvenal Neto, se reuniu com o governador Reinaldo Azambuja na manh\u00e3 de ontem e solicitou o adiamento do ano letivo por causa das chuvas fortes que seguem atingindo o Estado e j\u00e1 destru\u00edram pontes e estradas em v\u00e1rios munic\u00edpios.<\/p>\n<p>\u201cV\u00e1rios munic\u00edpios est\u00e3o com problemas por causa da chuva e diante dessas dificuldades pedimos o adiamento do ano letivo, at\u00e9 porque muitos alunos que estudam no interior s\u00e3o da zona rural. Em fevereiro as chuvas diminuem e os munic\u00edpios ter\u00e3o mais condi\u00e7\u00e3o para fazer os reparos em estradas e pontes\u201d, explicou Neto.<\/p>\n<p>Caso o governo acate a solicita\u00e7\u00e3o, as aulas dever\u00e3o come\u00e7ar no dia 29 de fevereiro, 15 dias ap\u00f3s a data que j\u00e1 consta no calend\u00e1rio oficial da SED. A mudan\u00e7a mudaria apenas o ano letivo de escolas estaduais. \u00a0\u201cO governador foi bem receptivo e estamos confiantes que aceite a proposta\u201d, disse o presidente da Assomasul.<\/p>\n<p>Neto lembrou tamb\u00e9m a disponibilidade do Governo do Estado que tem deixado a Secretaria de Infraestrutura (Seinfra) e tamb\u00e9m a Ag\u00eancia Estadual de Gest\u00e3o de Empreendimentos (Agesul) \u00e0 disposi\u00e7\u00e3o dos munic\u00edpios para tentar amenizar os estragos causados pela chuva.<\/p>\n<p><em>Texto: Luciana Brazil e Jefferson Gon\u00e7alves<\/em><\/p>\n","protected":false},"excerpt":{"rendered":"<p>Ap\u00f3s o pedido de adiamento do in\u00edcio do calend\u00e1rio escolar, feito pela Associa\u00e7\u00e3o dos Munic\u00edpios de Mato Grosso do Sul (Assomasul), o Governo do Estado estuda \u00a0agora as possibilidades de atender a solicita\u00e7\u00e3o readequando o ano letivo sem prejudicar o ensino e o desempenho de alunos e professores. A secret\u00e1ria Estadual de Educa\u00e7\u00e3o, Maria Cec\u00edlia [&hellip;]<\/p>\n","protected":false},"author":4,"featured_media":18727,"comment_status":"closed","ping_status":"closed","sticky":false,"template":"","format":"standard","meta":{"footnotes":""},"categories":[27],"tags":[],"class_list":["post-18726","post","type-post","status-publish","format-standard","has-post-thumbnail","hentry","category-educacao"],"_links":{"self":[{"href":"https:\/\/www.ocorreionews.com.br\/acervo-correio\/index.php?rest_route=\/wp\/v2\/posts\/18726","targetHints":{"allow":["GET"]}}],"collection":[{"href":"https:\/\/www.ocorreionews.com.br\/acervo-correio\/index.php?rest_route=\/wp\/v2\/posts"}],"about":[{"href":"https:\/\/www.ocorreionews.com.br\/acervo-correio\/index.php?rest_route=\/wp\/v2\/types\/post"}],"author":[{"embeddable":true,"href":"https:\/\/www.ocorreionews.com.br\/acervo-correio\/index.php?rest_route=\/wp\/v2\/users\/4"}],"replies":[{"embeddable":true,"href":"https:\/\/www.ocorreionews.com.br\/acervo-correio\/index.php?rest_route=%2Fwp%2Fv2%2Fcomments&post=18726"}],"version-history":[{"count":0,"href":"https:\/\/www.ocorreionews.com.br\/acervo-correio\/index.php?rest_route=\/wp\/v2\/posts\/18726\/revisions"}],"wp:featuredmedia":[{"embeddable":true,"href":"https:\/\/www.ocorreionews.com.br\/acervo-correio\/index.php?rest_route=\/wp\/v2\/media\/18727"}],"wp:attachment":[{"href":"https:\/\/www.ocorreionews.com.br\/acervo-correio\/index.php?rest_route=%2Fwp%2Fv2%2Fmedia&parent=18726"}],"wp:term":[{"taxonomy":"category","embeddable":true,"href":"https:\/\/www.ocorreionews.com.br\/acervo-correio\/index.php?rest_route=%2Fwp%2Fv2%2Fcategories&post=18726"},{"taxonomy":"post_tag","embeddable":true,"href":"https:\/\/www.ocorreionews.com.br\/acervo-correio\/index.php?rest_route=%2Fwp%2Fv2%2Ftags&post=18726"}],"curies":[{"name":"wp","href":"https:\/\/api.w.org\/{rel}","templated":true}]}}