{"id":187383,"date":"2021-10-06T14:44:27","date_gmt":"2021-10-06T18:44:27","guid":{"rendered":"https:\/\/www.ocorreionews.com.br\/acervo-correio\/?p=187383"},"modified":"2021-10-06T14:44:27","modified_gmt":"2021-10-06T18:44:27","slug":"prefeito-debate-asfalto-do-trecho-que-liga-chapadao-do-ceu-ao-estrela-dalva","status":"publish","type":"post","link":"https:\/\/www.ocorreionews.com.br\/acervo-correio\/?p=187383","title":{"rendered":"Prefeito debate asfalto do trecho que liga Chapad\u00e3o do C\u00e9u ao Estrela Dalva"},"content":{"rendered":"<div class=\"o9v6fnle cxmmr5t8 oygrvhab hcukyx3x c1et5uql ii04i59q\">\n<p dir=\"auto\">O munic\u00edpio de Chapad\u00e3o do C\u00e9u GO, \u00e9 um importante produtor de gr\u00e3os na regi\u00e3o sudoeste, por\u00e9m os produtores de gr\u00e3os enfrentam dificuldades para escoar a produ\u00e7\u00e3o, devido as prec\u00e1rias condi\u00e7\u00f5es das estradas, em especial a GO 050. O trecho que liga Chapad\u00e3o do C\u00e9u ao Estrela Dalva, foi tema de uma reuni\u00e3o na \u00faltima sexta-feira (01), promovida pela presidente da C\u00e2mara de Jata\u00ed Marina Silveira e o vice-prefeito Jeneilton Filho.<\/p>\n<p dir=\"auto\"><a href=\"https:\/\/www.ocorreionews.com.br\/acervo-correio\/wp-content\/uploads\/2021\/10\/gean.jpg\"><img loading=\"lazy\" decoding=\"async\" class=\"alignnone  wp-image-187387\" src=\"https:\/\/www.ocorreionews.com.br\/acervo-correio\/wp-content\/uploads\/2021\/10\/gean.jpg\" alt=\"\" width=\"573\" height=\"382\" srcset=\"https:\/\/www.ocorreionews.com.br\/acervo-correio\/wp-content\/uploads\/2021\/10\/gean.jpg 960w, https:\/\/www.ocorreionews.com.br\/acervo-correio\/wp-content\/uploads\/2021\/10\/gean-300x200.jpg 300w, https:\/\/www.ocorreionews.com.br\/acervo-correio\/wp-content\/uploads\/2021\/10\/gean-768x512.jpg 768w\" sizes=\"auto, (max-width: 573px) 100vw, 573px\" \/><\/a><\/p>\n<\/div>\n<div dir=\"auto\">Participaram da reuni\u00e3o o prefeito em exerc\u00edcio de Chapad\u00e3o do C\u00e9u Vinicius Terin e o presidente da C\u00e2mara Municipal Gean Rubens, que ao lado das demais autoridades entregaram of\u00edcio ao vice-presidente da Federa\u00e7\u00e3o da Agricultura e Pecu\u00e1ria de Goi\u00e1s \u2013 Faeg, Ailton Jos\u00e9 Vilela. O documento solicitando que a entidade busque junto ao governo o atendimento dessa importante demanda para a regi\u00e3o, ser\u00e1 enviado ao presidente da entidade Jos\u00e9 Mario Schneider.<\/div>\n<div class=\"o9v6fnle cxmmr5t8 oygrvhab hcukyx3x c1et5uql ii04i59q\">\n<p dir=\"auto\">&#8211; Precisamos da conclus\u00e3o da GO 050 e tamb\u00e9m da GO 306 liga\u00e7\u00e3o importante \u00e0 cidade de Mineiros. Esperamos que a GOINFRA, atrav\u00e9s do seu presidente Pedro Sales, retome estas obras de pavimenta\u00e7\u00e3o, que ser\u00e3o de grande import\u00e2ncia econ\u00f4mica para o sudoeste goiano. Disse o prefeito Vinicius Terin.<\/p>\n<\/div>\n<p dir=\"auto\">\n<p dir=\"auto\">\n<p dir=\"auto\">*Assessoria<\/p>\n","protected":false},"excerpt":{"rendered":"<p>O munic\u00edpio de Chapad\u00e3o do C\u00e9u GO, \u00e9 um importante produtor de gr\u00e3os na regi\u00e3o sudoeste, por\u00e9m os produtores de gr\u00e3os enfrentam dificuldades para escoar a produ\u00e7\u00e3o, devido as prec\u00e1rias condi\u00e7\u00f5es das estradas, em especial a GO 050. O trecho que liga Chapad\u00e3o do C\u00e9u ao Estrela Dalva, foi tema de uma reuni\u00e3o na \u00faltima [&hellip;]<\/p>\n","protected":false},"author":5,"featured_media":187388,"comment_status":"closed","ping_status":"closed","sticky":false,"template":"","format":"standard","meta":{"footnotes":""},"categories":[22],"tags":[],"class_list":["post-187383","post","type-post","status-publish","format-standard","has-post-thumbnail","hentry","category-chapadao-do-ceu"],"_links":{"self":[{"href":"https:\/\/www.ocorreionews.com.br\/acervo-correio\/index.php?rest_route=\/wp\/v2\/posts\/187383","targetHints":{"allow":["GET"]}}],"collection":[{"href":"https:\/\/www.ocorreionews.com.br\/acervo-correio\/index.php?rest_route=\/wp\/v2\/posts"}],"about":[{"href":"https:\/\/www.ocorreionews.com.br\/acervo-correio\/index.php?rest_route=\/wp\/v2\/types\/post"}],"author":[{"embeddable":true,"href":"https:\/\/www.ocorreionews.com.br\/acervo-correio\/index.php?rest_route=\/wp\/v2\/users\/5"}],"replies":[{"embeddable":true,"href":"https:\/\/www.ocorreionews.com.br\/acervo-correio\/index.php?rest_route=%2Fwp%2Fv2%2Fcomments&post=187383"}],"version-history":[{"count":1,"href":"https:\/\/www.ocorreionews.com.br\/acervo-correio\/index.php?rest_route=\/wp\/v2\/posts\/187383\/revisions"}],"predecessor-version":[{"id":187389,"href":"https:\/\/www.ocorreionews.com.br\/acervo-correio\/index.php?rest_route=\/wp\/v2\/posts\/187383\/revisions\/187389"}],"wp:featuredmedia":[{"embeddable":true,"href":"https:\/\/www.ocorreionews.com.br\/acervo-correio\/index.php?rest_route=\/wp\/v2\/media\/187388"}],"wp:attachment":[{"href":"https:\/\/www.ocorreionews.com.br\/acervo-correio\/index.php?rest_route=%2Fwp%2Fv2%2Fmedia&parent=187383"}],"wp:term":[{"taxonomy":"category","embeddable":true,"href":"https:\/\/www.ocorreionews.com.br\/acervo-correio\/index.php?rest_route=%2Fwp%2Fv2%2Fcategories&post=187383"},{"taxonomy":"post_tag","embeddable":true,"href":"https:\/\/www.ocorreionews.com.br\/acervo-correio\/index.php?rest_route=%2Fwp%2Fv2%2Ftags&post=187383"}],"curies":[{"name":"wp","href":"https:\/\/api.w.org\/{rel}","templated":true}]}}