{"id":187394,"date":"2021-10-06T16:30:48","date_gmt":"2021-10-06T20:30:48","guid":{"rendered":"https:\/\/www.ocorreionews.com.br\/acervo-correio\/?p=187394"},"modified":"2021-10-06T16:30:48","modified_gmt":"2021-10-06T20:30:48","slug":"filho-de-20-anos-agride-o-pai-por-causa-de-dinheiro","status":"publish","type":"post","link":"https:\/\/www.ocorreionews.com.br\/acervo-correio\/?p=187394","title":{"rendered":"Filho de 20 anos agride o Pai por causa de dinheiro"},"content":{"rendered":"<p>Um jovem de 20 anos agrediu seu pai, de 37 anos, com soco e ame\u00e7ou com faca ap\u00f3s pedir dinheiro ao pai em Costa Rica.<\/p>\n<p>De acordo com o boletim, o homem\u00a0estava em sua casa quando o filho chegou pedindo dinheiro para fazer uma viagem at\u00e9 a casa da av\u00f3, o pai respondeu que n\u00e3o tinha dinheiro, ent\u00e3o, \u00a0foi atingido por um soco contra a cabe\u00e7a pelo jovem, que em seguida tentou pegar uma faca, por\u00e9m o filho segurou direto pela l\u00e2mina e acabou cortando a pr\u00f3pria m\u00e3o.<\/p>\n<p>O autor foi socorrido pelo pai e levado at\u00e9 a Funda\u00e7\u00e3o Hospitalar para ser atendido, o\u00a0homem\u00a0demonstrou\u00a0interesse\u00a0de representar contra seu filho diante dos fatos ap\u00f3s o jovem\u00a0ter sido atendido e liberado pelo m\u00e9dico de plant\u00e3o.<\/p>\n<p>O autor foi detido e encaminhado para a Delegacia de Costa Rica e entregue ao delegado de plant\u00e3o com uma les\u00e3o na palma da m\u00e3o esquerda proveniente da tentativa de agredir seu pai.<\/p>\n<p><span class=\"data fz12 black uppercase\"> Fonte: MS Todo Dia <\/span><\/p>\n","protected":false},"excerpt":{"rendered":"<p>Um jovem de 20 anos agrediu seu pai, de 37 anos, com soco e ame\u00e7ou com faca ap\u00f3s pedir dinheiro ao pai em Costa Rica. De acordo com o boletim, o homem\u00a0estava em sua casa quando o filho chegou pedindo dinheiro para fazer uma viagem at\u00e9 a casa da av\u00f3, o pai respondeu que n\u00e3o [&hellip;]<\/p>\n","protected":false},"author":4,"featured_media":0,"comment_status":"closed","ping_status":"closed","sticky":false,"template":"","format":"standard","meta":{"footnotes":""},"categories":[38],"tags":[],"class_list":["post-187394","post","type-post","status-publish","format-standard","hentry","category-policia"],"_links":{"self":[{"href":"https:\/\/www.ocorreionews.com.br\/acervo-correio\/index.php?rest_route=\/wp\/v2\/posts\/187394","targetHints":{"allow":["GET"]}}],"collection":[{"href":"https:\/\/www.ocorreionews.com.br\/acervo-correio\/index.php?rest_route=\/wp\/v2\/posts"}],"about":[{"href":"https:\/\/www.ocorreionews.com.br\/acervo-correio\/index.php?rest_route=\/wp\/v2\/types\/post"}],"author":[{"embeddable":true,"href":"https:\/\/www.ocorreionews.com.br\/acervo-correio\/index.php?rest_route=\/wp\/v2\/users\/4"}],"replies":[{"embeddable":true,"href":"https:\/\/www.ocorreionews.com.br\/acervo-correio\/index.php?rest_route=%2Fwp%2Fv2%2Fcomments&post=187394"}],"version-history":[{"count":1,"href":"https:\/\/www.ocorreionews.com.br\/acervo-correio\/index.php?rest_route=\/wp\/v2\/posts\/187394\/revisions"}],"predecessor-version":[{"id":187395,"href":"https:\/\/www.ocorreionews.com.br\/acervo-correio\/index.php?rest_route=\/wp\/v2\/posts\/187394\/revisions\/187395"}],"wp:attachment":[{"href":"https:\/\/www.ocorreionews.com.br\/acervo-correio\/index.php?rest_route=%2Fwp%2Fv2%2Fmedia&parent=187394"}],"wp:term":[{"taxonomy":"category","embeddable":true,"href":"https:\/\/www.ocorreionews.com.br\/acervo-correio\/index.php?rest_route=%2Fwp%2Fv2%2Fcategories&post=187394"},{"taxonomy":"post_tag","embeddable":true,"href":"https:\/\/www.ocorreionews.com.br\/acervo-correio\/index.php?rest_route=%2Fwp%2Fv2%2Ftags&post=187394"}],"curies":[{"name":"wp","href":"https:\/\/api.w.org\/{rel}","templated":true}]}}