{"id":18840,"date":"2016-01-17T08:48:19","date_gmt":"2016-01-17T11:48:19","guid":{"rendered":"https:\/\/ocorreionews.com.br\/?p=18840"},"modified":"2016-01-17T08:51:16","modified_gmt":"2016-01-17T11:51:16","slug":"em-goias-e-assim-durante-roubo-em-rio-verde-um-assaltante-morre-e-outro-fica-ferido","status":"publish","type":"post","link":"https:\/\/www.ocorreionews.com.br\/acervo-correio\/?p=18840","title":{"rendered":"Em Goi\u00e1s \u00e9  Assim: Durante roubo em Rio Verde, um assaltante morre e outro fica ferido"},"content":{"rendered":"<p style=\"text-align: justify;\">Susto e correria: Assim podemos descrever a a\u00e7\u00e3o de dois supostos assaltantes na noite deste S\u00e1bado, 16. Um roubo em uma Mercearia localizada na Rua \u201cB\u201d, Vila Mariana, Regi\u00e3o Sudoeste de <strong>Rio Verde<\/strong>, terminou com uma pessoa morta e outra ferida. Como muitos afirmam em uma velha m\u00e1xima: UM DIA \u00c9 DA CA\u00c7A\u2026 OUTRO DIA DO CA\u00c7ADOR!<\/p>\n<figure id=\"attachment_18841\" aria-describedby=\"caption-attachment-18841\" style=\"width: 164px\" class=\"wp-caption alignleft\"><a href=\"https:\/\/ocorreionews.com.br\/wp-content\/uploads\/2016\/01\/IMG-20160117-WA0086-164x220.jpg\" rel=\"attachment wp-att-18841\"><img loading=\"lazy\" decoding=\"async\" class=\"wp-image-18841 size-full\" src=\"https:\/\/ocorreionews.com.br\/wp-content\/uploads\/2016\/01\/IMG-20160117-WA0086-164x220.jpg\" alt=\"\" width=\"164\" height=\"220\" \/><\/a><figcaption id=\"caption-attachment-18841\" class=\"wp-caption-text\">Thiago Pereira dos Santos Peixoto<\/figcaption><\/figure>\n<p style=\"text-align: justify;\">Conforme foi relatado na Ocorr\u00eancia Policial, por volta de 19h30, Thiago Pereira dos Santos Peixoto, 23 anos e Hugo Matheus Campos Pereira, 18, chegaram armados e anunciaram o roubo. Ambos exigiram os pertences das v\u00edtimas e recolheram todo o dinheiro do Caixa. Um Policial Militar \u00e0 paisana estava no local fazendo compras e obedeceu \u00e0s ordens dos assaltantes e, inclusive entregou-lhes sua carteira, esperando um momento oportuno para que pudesse reagir.<\/p>\n<p style=\"text-align: justify;\">Em um momento de distra\u00e7\u00e3o dos meliantes, o Militar sacou sua arma, identificou-se como Policial e deu voz de pris\u00e3o aos autores, os quais reagiram e efetuaram um disparo em dire\u00e7\u00e3o ao Policial atingindo uma prateleira, o qual revidou e alvejou os autores.<\/p>\n<p style=\"text-align: justify;\">Thiago Pereira, ferido com gravidade, ficou ca\u00eddo no local, juntamente com<\/p>\n<div id=\"attachment_43850\" class=\"wp-caption alignright\" style=\"text-align: justify;\">\n<figure id=\"attachment_43850\" aria-describedby=\"caption-attachment-43850\" style=\"width: 219px\" class=\"wp-caption alignright\"><img loading=\"lazy\" decoding=\"async\" class=\"wp-image-43850 size-medium\" src=\"http:\/\/plantaojti.com.br\/wp-content\/uploads\/2016\/01\/IMG-20160117-WA0083-219x220.jpg\" alt=\"\" width=\"219\" height=\"220\" \/><figcaption id=\"caption-attachment-43850\" class=\"wp-caption-text\">Hugo Matheus foi alvejado, por\u00e9m, n\u00e3o corre risco de morte<\/figcaption><\/figure>\n<p class=\"wp-caption-text\">\n<\/div>\n<p style=\"text-align: justify;\">parte do dinheiro roubado. Hugo Mateus, tamb\u00e9m ferido, empreendeu fuga em uma motoneta levando a carteira do Policial Militar e a arma utilizada no crime. Com fortes dores, o mesmo buscou ajuda e foi socorrido por populares que o encaminhou \u00e0 UPA \u2013 Unidade de Pronto Atendimento, onde permaneceu sob os cuidados m\u00e9dicos e, tamb\u00e9m, sob escolta policial.<\/p>\n<p style=\"text-align: justify;\">O Corpo de Bombeiros foi acionado e prestou socorro a Thiago Pereira, o qual foi encaminhado para atendimento m\u00e9dico, por\u00e9m, morreu horas mais tarde. Familiares, desesperados foram para a porta da Unidade Hospitalar, onde faziam ora\u00e7\u00f5es. A morte de Thiago foi bastante comentada nas Redes Sociais.<\/p>\n<p style=\"text-align: justify;\">A ocorr\u00eancia foi registrada pela Equipe de CPE 7890, composta pelo Sargento Vanderli, Sargento Gilmar, Cabo Silveira e Soldado Nascimento.<\/p>\n<p style=\"text-align: justify;\">Fotos: Reprodu\u00e7\u00e3o Grupo Faca na Caveira<\/p>\n","protected":false},"excerpt":{"rendered":"<p>Susto e correria: Assim podemos descrever a a\u00e7\u00e3o de dois supostos assaltantes na noite deste S\u00e1bado, 16. Um roubo em uma Mercearia localizada na Rua \u201cB\u201d, Vila Mariana, Regi\u00e3o Sudoeste de Rio Verde, terminou com uma pessoa morta e outra ferida. Como muitos afirmam em uma velha m\u00e1xima: UM DIA \u00c9 DA CA\u00c7A\u2026 OUTRO DIA [&hellip;]<\/p>\n","protected":false},"author":4,"featured_media":18842,"comment_status":"closed","ping_status":"closed","sticky":false,"template":"","format":"standard","meta":{"footnotes":""},"categories":[38],"tags":[],"class_list":["post-18840","post","type-post","status-publish","format-standard","has-post-thumbnail","hentry","category-policia"],"_links":{"self":[{"href":"https:\/\/www.ocorreionews.com.br\/acervo-correio\/index.php?rest_route=\/wp\/v2\/posts\/18840","targetHints":{"allow":["GET"]}}],"collection":[{"href":"https:\/\/www.ocorreionews.com.br\/acervo-correio\/index.php?rest_route=\/wp\/v2\/posts"}],"about":[{"href":"https:\/\/www.ocorreionews.com.br\/acervo-correio\/index.php?rest_route=\/wp\/v2\/types\/post"}],"author":[{"embeddable":true,"href":"https:\/\/www.ocorreionews.com.br\/acervo-correio\/index.php?rest_route=\/wp\/v2\/users\/4"}],"replies":[{"embeddable":true,"href":"https:\/\/www.ocorreionews.com.br\/acervo-correio\/index.php?rest_route=%2Fwp%2Fv2%2Fcomments&post=18840"}],"version-history":[{"count":0,"href":"https:\/\/www.ocorreionews.com.br\/acervo-correio\/index.php?rest_route=\/wp\/v2\/posts\/18840\/revisions"}],"wp:featuredmedia":[{"embeddable":true,"href":"https:\/\/www.ocorreionews.com.br\/acervo-correio\/index.php?rest_route=\/wp\/v2\/media\/18842"}],"wp:attachment":[{"href":"https:\/\/www.ocorreionews.com.br\/acervo-correio\/index.php?rest_route=%2Fwp%2Fv2%2Fmedia&parent=18840"}],"wp:term":[{"taxonomy":"category","embeddable":true,"href":"https:\/\/www.ocorreionews.com.br\/acervo-correio\/index.php?rest_route=%2Fwp%2Fv2%2Fcategories&post=18840"},{"taxonomy":"post_tag","embeddable":true,"href":"https:\/\/www.ocorreionews.com.br\/acervo-correio\/index.php?rest_route=%2Fwp%2Fv2%2Ftags&post=18840"}],"curies":[{"name":"wp","href":"https:\/\/api.w.org\/{rel}","templated":true}]}}