{"id":18881,"date":"2016-01-18T08:07:18","date_gmt":"2016-01-18T11:07:18","guid":{"rendered":"https:\/\/ocorreionews.com.br\/?p=18881"},"modified":"2016-01-18T08:43:06","modified_gmt":"2016-01-18T11:43:06","slug":"missa-de-despedida-do-padre-diomar-lota-igreja-de-chapadao-do-sul","status":"publish","type":"post","link":"https:\/\/www.ocorreionews.com.br\/acervo-correio\/?p=18881","title":{"rendered":"Missa de despedida do Padre Diomar lota igreja de Chapad\u00e3o do Sul"},"content":{"rendered":"<p style=\"text-align: justify;\">A Igreja de S\u00e3o Pedro Apostolo, ficou pequena para os fi\u00e9is que compareceram na missa de despedida do padre Diomar Serafim, realizada na noite de ontem, domingo (17).<\/p>\n<p style=\"text-align: justify;\">Uma hora antes da cerim\u00f4nia come\u00e7ar j\u00e1 era dif\u00edcil encontrar um lugar para se acomodar nos bancos.<\/p>\n<p style=\"text-align: justify;\">J\u00e1 na entrada era not\u00f3rio o sentimento expressado pelo padre. Era a \u00faltima missa realizada na par\u00f3quia de Chapad\u00e3o do Sul como p\u00e1roco oficial. Foram 14 anos como p\u00e1roco em Chapad\u00e3o do Sul, Padre Diomar conquistou o cora\u00e7\u00e3o da comunidade. Levou a Palavra de Deus aos mais humildes com toda a sabedoria de um bom l\u00edder religioso.<\/p>\n<p style=\"text-align: justify;\"><span style=\"color: #0000ff;\"><strong><a style=\"color: #0000ff;\" href=\"https:\/\/ocorreionews.com.br\/2016\/01\/18\/18862\/\">VEJA FOTOS DA DESPEDIDA DO PADRE<\/a><\/strong><\/span><\/p>\n<p style=\"text-align: justify;\">Na missa de despedida, n\u00e3o faltaram emo\u00e7\u00f5es, foram v\u00e1rios fieis, que foram as l\u00e1grimas, mostrando assim o carisma que deixa o Padre Diomar com sua comunidade.<\/p>\n<p style=\"text-align: justify;\">Padre Diomar agradeceu de forma especial todas as pastorais, movimentos e servi\u00e7os da Par\u00f3quia. \u201cEstou indo embora sem m\u00e1goas de ningu\u00e9m e pe\u00e7o perd\u00e3o se ofendi algu\u00e9m, vou continuar orando por voc\u00eas e pe\u00e7o as suas ora\u00e7\u00f5es,\u201d afirmou Padre Diomar que ira para a paroquia de Selv\u00edria.<\/p>\n<p style=\"text-align: justify;\">As pessoas presentes na missa cumprimentaram e desejaram felicita\u00e7\u00f5es ao Padre que ir\u00e1 para miss\u00f5es diferentes.<\/p>\n<p style=\"text-align: justify;\">Por fim, houve uma confraterniza\u00e7\u00e3o no sal\u00e3o paroquial da comunidade. Organizada pelas pastorais da Igreja, onde ocorreu um coquetel com v\u00e1rias homenagens ao Padre Diomar. Oportunamente foi apresentado as pastorais o Padre Marcilio, que j\u00e1 se encontra na cidade. Nessa semana o novo P\u00e1roco Padre Mauricio assume em Paroquia de S\u00e3o Pedro.<\/p>\n<p style=\"text-align: justify;\">A Posse do Padre Mauricio ser\u00e1 as 18hs30 na missa dominical, com a presen\u00e7a do Bispo Dom Luiz Knupp.<\/p>\n","protected":false},"excerpt":{"rendered":"<p>A Igreja de S\u00e3o Pedro Apostolo, ficou pequena para os fi\u00e9is que compareceram na missa de despedida do padre Diomar Serafim, realizada na noite de ontem, domingo (17). Uma hora antes da cerim\u00f4nia come\u00e7ar j\u00e1 era dif\u00edcil encontrar um lugar para se acomodar nos bancos. J\u00e1 na entrada era not\u00f3rio o sentimento expressado pelo padre. [&hellip;]<\/p>\n","protected":false},"author":4,"featured_media":18864,"comment_status":"closed","ping_status":"closed","sticky":false,"template":"","format":"standard","meta":{"footnotes":""},"categories":[23],"tags":[],"class_list":["post-18881","post","type-post","status-publish","format-standard","has-post-thumbnail","hentry","category-chapadao-do-sul"],"_links":{"self":[{"href":"https:\/\/www.ocorreionews.com.br\/acervo-correio\/index.php?rest_route=\/wp\/v2\/posts\/18881","targetHints":{"allow":["GET"]}}],"collection":[{"href":"https:\/\/www.ocorreionews.com.br\/acervo-correio\/index.php?rest_route=\/wp\/v2\/posts"}],"about":[{"href":"https:\/\/www.ocorreionews.com.br\/acervo-correio\/index.php?rest_route=\/wp\/v2\/types\/post"}],"author":[{"embeddable":true,"href":"https:\/\/www.ocorreionews.com.br\/acervo-correio\/index.php?rest_route=\/wp\/v2\/users\/4"}],"replies":[{"embeddable":true,"href":"https:\/\/www.ocorreionews.com.br\/acervo-correio\/index.php?rest_route=%2Fwp%2Fv2%2Fcomments&post=18881"}],"version-history":[{"count":0,"href":"https:\/\/www.ocorreionews.com.br\/acervo-correio\/index.php?rest_route=\/wp\/v2\/posts\/18881\/revisions"}],"wp:featuredmedia":[{"embeddable":true,"href":"https:\/\/www.ocorreionews.com.br\/acervo-correio\/index.php?rest_route=\/wp\/v2\/media\/18864"}],"wp:attachment":[{"href":"https:\/\/www.ocorreionews.com.br\/acervo-correio\/index.php?rest_route=%2Fwp%2Fv2%2Fmedia&parent=18881"}],"wp:term":[{"taxonomy":"category","embeddable":true,"href":"https:\/\/www.ocorreionews.com.br\/acervo-correio\/index.php?rest_route=%2Fwp%2Fv2%2Fcategories&post=18881"},{"taxonomy":"post_tag","embeddable":true,"href":"https:\/\/www.ocorreionews.com.br\/acervo-correio\/index.php?rest_route=%2Fwp%2Fv2%2Ftags&post=18881"}],"curies":[{"name":"wp","href":"https:\/\/api.w.org\/{rel}","templated":true}]}}