{"id":18889,"date":"2016-01-18T08:24:53","date_gmt":"2016-01-18T11:24:53","guid":{"rendered":"https:\/\/ocorreionews.com.br\/?p=18889"},"modified":"2016-01-18T08:24:53","modified_gmt":"2016-01-18T11:24:53","slug":"sisu-2016-mec-divulga-resultado","status":"publish","type":"post","link":"https:\/\/www.ocorreionews.com.br\/acervo-correio\/?p=18889","title":{"rendered":"Sisu 2016: MEC divulga resultado"},"content":{"rendered":"<p>O Minist\u00e9rio da Educa\u00e7\u00e3o divulgou nesta segunda-feira (18) o resultado da primeira edi\u00e7\u00e3o do Sistema de Sele\u00e7\u00e3o Unificada (Sisu) 2016. Para acessar o resultado, o candidato deve digitar o n\u00famero de inscri\u00e7\u00e3o do Exame Nacional do Ensino M\u00e9dio (Enem) e a senha no <a href=\"http:\/\/sisualuno.mec.gov.br\/\" target=\"_blank\">site do Sisu.<\/a><\/p>\n<div class=\"saibamais componente_materia\">Tamb\u00e9m \u00e9 poss\u00edvel consultar a lista de estudantes aprovados selecionando institui\u00e7\u00e3o, campus e curso <a href=\"http:\/\/sisu.mec.gov.br\/selecionados\" target=\"_blank\">neste link<\/a>.<\/div>\n<p>Os selecionados devem fazer a matr\u00edcula nos dias 22, 25 e 26 de janeiro. Quem n\u00e3o conseguiu uma vaga pode ainda manifestar, no pr\u00f3prio site do Sisu, interesse em entrar na lista de espera entre esta segunda (18) e sexta-feira (29). As institui\u00e7\u00f5es v\u00e3o convocar os alunos da lista de espera, se ainda houver vagas.<\/p>\n<p>O Sisu \u00e9 o sistema eletr\u00f4nico gerenciado pelo MEC que seleciona os alunos para vagas em universidades p\u00fablicas, de acordo com o desempenho no Enem.<\/p>\n<p>Foram 2.712.937 candidatos inscritos na atual edi\u00e7\u00e3o. O n\u00famero de inscri\u00e7\u00f5es chegou a 5.275.613, considerando que cada candidato pode fazer duas op\u00e7\u00f5es de curso.<\/p>\n<p>Neste ano, al\u00e9m de uma nova edi\u00e7\u00e3o do Sisu no segundo semestre, est\u00e1 prevista uma edi\u00e7\u00e3o extra com cerca de 100 mil vagas remanescentes. Ainda n\u00e3o foram divulgadas as datas do Sisu do 2\u00ba semestre e nem do Sisu das vagas remanecentes (<em>leia mais abaixo sobre\u00a0 novas edi\u00e7\u00f5es do Sisu<\/em>).<\/p>\n<p><strong>Datas do Prouini e do Fies<\/strong><br \/>\nAs inscri\u00e7\u00f5es para o Prouni ser\u00e3o nesta semana, entre ter\u00e7a-feira (19) e sexta (22). O foco s\u00e3o estudantes que sa\u00edram de escolas p\u00fablicas e t\u00eam baixa renda.<\/p>\n<p>J\u00e1 o Fies come\u00e7a na pr\u00f3xima semana, entre ter\u00e7a-feira (26) e sexta (29). O fundo tamb\u00e9m adota crit\u00e9rios para privilegiar alunos por crit\u00e9rios de renda, \u00e1rea de interesse e localiza\u00e7\u00e3o dos cursos.<\/p>\n<p><strong>Pr\u00f3ximas edi\u00e7\u00f5es do Sisu em 2016<\/strong><br \/>\nNesta primeira edi\u00e7\u00e3o do ano, o Sisu selecionou candidatos para 228 mil vagas em em 6.323 cursos de 131 institui\u00e7\u00f5es p\u00fablicas. Segundo o MEC, houve aumento de 10,9% no n\u00famero de vagas ofertadas em rela\u00e7\u00e3o \u00e0 primeira edi\u00e7\u00e3o de 2015.<\/p>\n<p>O MEC prepara, pela primeira vez, uma edi\u00e7\u00e3o extra do Sisu para reduzir as vagas remanescentes na gradua\u00e7\u00e3o. De acordo com a pasta, mais de 150 mil vagas nas universidades p\u00fablicas ficaram ociosas em 2014, conforme o Censo da Educa\u00e7\u00e3o Superior.<\/p>\n<p>A previs\u00e3o do MEC \u00e9 selecionar tanto por meio das notas do Enem como pelo desempenho acad\u00eamico do estudante na institui\u00e7\u00e3o superior em que ele j\u00e1 estuda, abrindo possibilidade para transfer\u00eancias. O Sisu das vagas remanescentes \u00e9 parte da estrat\u00e9gia da pasta de diminuir as vagas ociosas, e para isso, o MEC vai mudar a forma com que s\u00e3o repassados recursos para institui\u00e7\u00f5es federais: passar\u00e3o a receber mais recursos aquelas que t\u00eam mais vagas preenchidas.<\/p>\n<p>At\u00e9 o come\u00e7o de janeiro n\u00e3o havia previs\u00e3o de data, mas Aloizio Mercadante afirmou que primeiro o MEC cuidaria das edi\u00e7\u00f5es do Prouni e do Fies de primeiro semestre para avaliar o Sisu extra. Tamb\u00e9m n\u00e3o foi divulgada data para o Sisu regular do segundo semestre. No ano passado ela ocorreu em junho e selecionou candidatos para 55.571 vagas oferecidas por 72 institui\u00e7\u00f5es.<\/p>\n<p>&nbsp;<\/p>\n<p>&nbsp;<\/p>\n<p>G1<\/p>\n","protected":false},"excerpt":{"rendered":"<p>O Minist\u00e9rio da Educa\u00e7\u00e3o divulgou nesta segunda-feira (18) o resultado da primeira edi\u00e7\u00e3o do Sistema de Sele\u00e7\u00e3o Unificada (Sisu) 2016. Para acessar o resultado, o candidato deve digitar o n\u00famero de inscri\u00e7\u00e3o do Exame Nacional do Ensino M\u00e9dio (Enem) e a senha no site do Sisu. Tamb\u00e9m \u00e9 poss\u00edvel consultar a lista de estudantes aprovados [&hellip;]<\/p>\n","protected":false},"author":4,"featured_media":0,"comment_status":"closed","ping_status":"closed","sticky":false,"template":"","format":"standard","meta":{"footnotes":""},"categories":[27],"tags":[],"class_list":["post-18889","post","type-post","status-publish","format-standard","hentry","category-educacao"],"_links":{"self":[{"href":"https:\/\/www.ocorreionews.com.br\/acervo-correio\/index.php?rest_route=\/wp\/v2\/posts\/18889","targetHints":{"allow":["GET"]}}],"collection":[{"href":"https:\/\/www.ocorreionews.com.br\/acervo-correio\/index.php?rest_route=\/wp\/v2\/posts"}],"about":[{"href":"https:\/\/www.ocorreionews.com.br\/acervo-correio\/index.php?rest_route=\/wp\/v2\/types\/post"}],"author":[{"embeddable":true,"href":"https:\/\/www.ocorreionews.com.br\/acervo-correio\/index.php?rest_route=\/wp\/v2\/users\/4"}],"replies":[{"embeddable":true,"href":"https:\/\/www.ocorreionews.com.br\/acervo-correio\/index.php?rest_route=%2Fwp%2Fv2%2Fcomments&post=18889"}],"version-history":[{"count":0,"href":"https:\/\/www.ocorreionews.com.br\/acervo-correio\/index.php?rest_route=\/wp\/v2\/posts\/18889\/revisions"}],"wp:attachment":[{"href":"https:\/\/www.ocorreionews.com.br\/acervo-correio\/index.php?rest_route=%2Fwp%2Fv2%2Fmedia&parent=18889"}],"wp:term":[{"taxonomy":"category","embeddable":true,"href":"https:\/\/www.ocorreionews.com.br\/acervo-correio\/index.php?rest_route=%2Fwp%2Fv2%2Fcategories&post=18889"},{"taxonomy":"post_tag","embeddable":true,"href":"https:\/\/www.ocorreionews.com.br\/acervo-correio\/index.php?rest_route=%2Fwp%2Fv2%2Ftags&post=18889"}],"curies":[{"name":"wp","href":"https:\/\/api.w.org\/{rel}","templated":true}]}}