{"id":18890,"date":"2016-01-18T08:27:33","date_gmt":"2016-01-18T11:27:33","guid":{"rendered":"https:\/\/ocorreionews.com.br\/?p=18890"},"modified":"2016-01-18T08:29:53","modified_gmt":"2016-01-18T11:29:53","slug":"jatai-capotamento-passageiro-e-arremessado-para-fora-de-caminhonete-e-sobrevive","status":"publish","type":"post","link":"https:\/\/www.ocorreionews.com.br\/acervo-correio\/?p=18890","title":{"rendered":"Jata\u00ed: capotamento; passageiro \u00e9 arremessado para fora de Caminhonete e sobrevive"},"content":{"rendered":"<p>Um v\u00eddeo mostra o momento em que uma caminhonete capota na BR-158, em Jata\u00ed, no sudoeste goiano, no domingo (17). O ve\u00edculo atravessou a pista e girou v\u00e1rias vezes no ar, fazendo com que o passageiro fosse arremessado. Depois que a caminhonete parou, o motorista ainda saiu do ve\u00edculo e socorreu o companheiro, que sobreviveu<strong>\u00a0<\/strong><\/p>\n<p>A Pol\u00edcia Rodovi\u00e1ria Federal (PRF) confirmou o acidente no local. De acordo com a corpora\u00e7\u00e3o, a caminhonete seguia no sentido de Jata\u00ed a Caiap\u00f4nia. Os policiais acreditam que o motorista perdeu o controle da dire\u00e7\u00e3o.<\/p>\n<div class=\"saibamais componente_materia\"><strong><a href=\"https:\/\/www.youtube.com\/watch?v=kho3E1h5sD8\">VEJA O VIDEO<\/a><\/strong><\/div>\n<p>Segundo a PRF, o condutor havia consumido bebida alco\u00f3lica. O teste do baf\u00f4metro apontou 0,21 miligramas de \u00e1lcool por litro de ar expelido, mas essa quantidade n\u00e3o configura crime de tr\u00e2nsito por embriaguez. Por isso, ele n\u00e3o foi detido.<\/p>\n<p>O condutor n\u00e3o sofreu ferimentos. O Corpo de Bombeiros socorreu o passageiro e o encaminhou ao Centro M\u00e9dico de Jata\u00ed, onde segue internado. A equipe de resgate informou que ele sofreu v\u00e1rias fraturas.<\/p>\n<p>A unidade de sa\u00fade n\u00e3o informou o estado de sa\u00fade do paciente na manh\u00e3 desta segunda-feira (18). Um familiar disse que o quadro dele \u00e9 est\u00e1vel, mas deve ser encaminhado para um hospital de Goi\u00e2nia, onde passar\u00e1 por cirurgia.<\/p>\n<p>As imagens foram cedidas por Humberto de Oliveira que tamb\u00e9m trafegava pela rodovia. Ele informou que possui uma c\u00e2mera afixada no painel do ve\u00edculo que gravou o acidente.<\/p>\n<div class=\"foto componente_materia midia-largura-620\">\n<figure style=\"width: 620px\" class=\"wp-caption alignnone\"><img loading=\"lazy\" decoding=\"async\" title=\"Passageiro \u00e9 arremessado de caminhonete durante capotamento na BR-158, em Jata\u00ed, Goi\u00e1s (Foto: Reprodu\u00e7\u00e3o\/ TV Anhanguera)\" src=\"http:\/\/s2.glbimg.com\/c9AV6J35PK4B5X-J9MEJ8QQ78E0=\/620x465\/s.glbimg.com\/jo\/g1\/f\/original\/2016\/01\/18\/a_5BiBgkn.jpg\" alt=\"\" width=\"620\" height=\"465\" \/><figcaption class=\"wp-caption-text\">Passageiro \u00e9 arremessado de caminhonete durante capotamento (Foto: Reprodu\u00e7\u00e3o\/ TV Anhanguera)<\/figcaption><\/figure>\n<\/div>\n<div class=\"foto componente_materia midia-largura-620 on\">\n<figure style=\"width: 609px\" class=\"wp-caption alignnone\"><img loading=\"lazy\" decoding=\"async\" title=\"Motorista socorre passageiro ap\u00f3s capotamento na BR-158, em Jata\u00ed, Goi\u00e1s (Foto: Reprodu\u00e7\u00e3o\/ TV Anhanguera)\" src=\"http:\/\/s2.glbimg.com\/OBrUm00SOj_aTz4oP-9SGinpALc=\/620x465\/s.glbimg.com\/jo\/g1\/f\/original\/2016\/01\/18\/a_FQ7Y5Fl.jpg\" alt=\"\" width=\"609\" height=\"457\" \/><figcaption class=\"wp-caption-text\">Motorista socorre passageiro ap\u00f3s capotamento na BR-158 (Foto: Reprodu\u00e7\u00e3o\/ TV Anhanguera)<\/figcaption><\/figure>\n<\/div>\n<div class=\"foto componente_materia midia-largura-620 on\">\n<p>Segundo informa\u00e7\u00f5es do Corpo de Bombeiros o passageiro foi encaminhado \u00a0ao Centro M\u00e9dico de Jata\u00ed, onde segue internado.<\/p>\n<p>A equipe de resgate informou que ele sofreu v\u00e1rias fraturas.<\/p>\n<p><a href=\"http:\/\/plantaojti.com.br\/wp-content\/uploads\/2016\/01\/12524012_1058382577545148_7313788323758140228_n.jpg\" rel=\"lightbox-1\"><img loading=\"lazy\" decoding=\"async\" class=\"alignleft  wp-image-43879\" src=\"http:\/\/plantaojti.com.br\/wp-content\/uploads\/2016\/01\/12524012_1058382577545148_7313788323758140228_n.jpg\" alt=\"12524012_1058382577545148_7313788323758140228_n\" width=\"615\" height=\"346\" \/><\/a> <a href=\"http:\/\/plantaojti.com.br\/wp-content\/uploads\/2016\/01\/12417593_1058382537545152_8277862059808654256_n.jpg\" rel=\"lightbox-2\"><img loading=\"lazy\" decoding=\"async\" class=\"alignleft wp-image-43880\" src=\"http:\/\/plantaojti.com.br\/wp-content\/uploads\/2016\/01\/12417593_1058382537545152_8277862059808654256_n.jpg\" alt=\"12417593_1058382537545152_8277862059808654256_n\" width=\"620\" height=\"349\" \/><\/a><\/p>\n<div id=\"author-bio-box\">\n<h3>G-1 Go<\/h3>\n<\/div>\n<\/div>\n","protected":false},"excerpt":{"rendered":"<p>Um v\u00eddeo mostra o momento em que uma caminhonete capota na BR-158, em Jata\u00ed, no sudoeste goiano, no domingo (17). O ve\u00edculo atravessou a pista e girou v\u00e1rias vezes no ar, fazendo com que o passageiro fosse arremessado. Depois que a caminhonete parou, o motorista ainda saiu do ve\u00edculo e socorreu o companheiro, que sobreviveu\u00a0 [&hellip;]<\/p>\n","protected":false},"author":4,"featured_media":18892,"comment_status":"closed","ping_status":"closed","sticky":false,"template":"","format":"standard","meta":{"footnotes":""},"categories":[38],"tags":[],"class_list":["post-18890","post","type-post","status-publish","format-standard","has-post-thumbnail","hentry","category-policia"],"_links":{"self":[{"href":"https:\/\/www.ocorreionews.com.br\/acervo-correio\/index.php?rest_route=\/wp\/v2\/posts\/18890","targetHints":{"allow":["GET"]}}],"collection":[{"href":"https:\/\/www.ocorreionews.com.br\/acervo-correio\/index.php?rest_route=\/wp\/v2\/posts"}],"about":[{"href":"https:\/\/www.ocorreionews.com.br\/acervo-correio\/index.php?rest_route=\/wp\/v2\/types\/post"}],"author":[{"embeddable":true,"href":"https:\/\/www.ocorreionews.com.br\/acervo-correio\/index.php?rest_route=\/wp\/v2\/users\/4"}],"replies":[{"embeddable":true,"href":"https:\/\/www.ocorreionews.com.br\/acervo-correio\/index.php?rest_route=%2Fwp%2Fv2%2Fcomments&post=18890"}],"version-history":[{"count":0,"href":"https:\/\/www.ocorreionews.com.br\/acervo-correio\/index.php?rest_route=\/wp\/v2\/posts\/18890\/revisions"}],"wp:featuredmedia":[{"embeddable":true,"href":"https:\/\/www.ocorreionews.com.br\/acervo-correio\/index.php?rest_route=\/wp\/v2\/media\/18892"}],"wp:attachment":[{"href":"https:\/\/www.ocorreionews.com.br\/acervo-correio\/index.php?rest_route=%2Fwp%2Fv2%2Fmedia&parent=18890"}],"wp:term":[{"taxonomy":"category","embeddable":true,"href":"https:\/\/www.ocorreionews.com.br\/acervo-correio\/index.php?rest_route=%2Fwp%2Fv2%2Fcategories&post=18890"},{"taxonomy":"post_tag","embeddable":true,"href":"https:\/\/www.ocorreionews.com.br\/acervo-correio\/index.php?rest_route=%2Fwp%2Fv2%2Ftags&post=18890"}],"curies":[{"name":"wp","href":"https:\/\/api.w.org\/{rel}","templated":true}]}}