{"id":18911,"date":"2016-01-18T09:27:10","date_gmt":"2016-01-18T12:27:10","guid":{"rendered":"https:\/\/ocorreionews.com.br\/?p=18911"},"modified":"2016-01-18T09:27:10","modified_gmt":"2016-01-18T12:27:10","slug":"jovem-morre-eletrocutado-ao-religar-energia-em-fazenda-de-camapua","status":"publish","type":"post","link":"https:\/\/www.ocorreionews.com.br\/acervo-correio\/?p=18911","title":{"rendered":"Jovem morre eletrocutado ao religar energia em fazenda de Camapu\u00e3"},"content":{"rendered":"<p>ucimar Gomes Sant&#8217;ana, 27 anos, morreu eletrocutado ao tentar religar a energia de fazenda em Camapu\u00e3, a 135 quil\u00f4metros de Campo Grande. O caso, investigado como morte a esclarecer, ocorreu na tarde de s\u00e1bado (16).<\/p>\n<p>O propriet\u00e1rio da Fazenda, Gilvan Lopes, disse que Jucimar auxiliava na religa\u00e7\u00e3o de fus\u00edveis quando sofreu a descarga el\u00e9trica.<\/p>\n<p>Ele estava no solo e pr\u00f3ximo a cerca da fazenda, enquanto outro funcion\u00e1rio realizava o procedimento com aux\u00edlio de uma escada. \u201cEstamos todos muito tristes e tentando entender o que ocorreu\u201d, pontuou Gilvan.<\/p>\n<p>Tentativas de reanima\u00e7\u00e3o foram realizadas por uma equipe do Servi\u00e7o de Atendimento M\u00f3vel de Urg\u00eancia (Samu), por\u00e9m Jucimar n\u00e3o resistiu e faleceu no hospital. O corpo \u00e9 velado na Pax S\u00e3o Judas e o sepultamento est\u00e1 previsto para \u00e0s 17h, no cemit\u00e9rio municipal. O funcion\u00e1rio deixa esposa e uma filha.<\/p>\n<p>&nbsp;<\/p>\n<p>&nbsp;<\/p>\n<p>&nbsp;<\/p>\n<p>Correio do Estado<\/p>\n","protected":false},"excerpt":{"rendered":"<p>ucimar Gomes Sant&#8217;ana, 27 anos, morreu eletrocutado ao tentar religar a energia de fazenda em Camapu\u00e3, a 135 quil\u00f4metros de Campo Grande. O caso, investigado como morte a esclarecer, ocorreu na tarde de s\u00e1bado (16). O propriet\u00e1rio da Fazenda, Gilvan Lopes, disse que Jucimar auxiliava na religa\u00e7\u00e3o de fus\u00edveis quando sofreu a descarga el\u00e9trica. Ele [&hellip;]<\/p>\n","protected":false},"author":4,"featured_media":18912,"comment_status":"closed","ping_status":"closed","sticky":false,"template":"","format":"standard","meta":{"footnotes":""},"categories":[38],"tags":[],"class_list":["post-18911","post","type-post","status-publish","format-standard","has-post-thumbnail","hentry","category-policia"],"_links":{"self":[{"href":"https:\/\/www.ocorreionews.com.br\/acervo-correio\/index.php?rest_route=\/wp\/v2\/posts\/18911","targetHints":{"allow":["GET"]}}],"collection":[{"href":"https:\/\/www.ocorreionews.com.br\/acervo-correio\/index.php?rest_route=\/wp\/v2\/posts"}],"about":[{"href":"https:\/\/www.ocorreionews.com.br\/acervo-correio\/index.php?rest_route=\/wp\/v2\/types\/post"}],"author":[{"embeddable":true,"href":"https:\/\/www.ocorreionews.com.br\/acervo-correio\/index.php?rest_route=\/wp\/v2\/users\/4"}],"replies":[{"embeddable":true,"href":"https:\/\/www.ocorreionews.com.br\/acervo-correio\/index.php?rest_route=%2Fwp%2Fv2%2Fcomments&post=18911"}],"version-history":[{"count":0,"href":"https:\/\/www.ocorreionews.com.br\/acervo-correio\/index.php?rest_route=\/wp\/v2\/posts\/18911\/revisions"}],"wp:featuredmedia":[{"embeddable":true,"href":"https:\/\/www.ocorreionews.com.br\/acervo-correio\/index.php?rest_route=\/wp\/v2\/media\/18912"}],"wp:attachment":[{"href":"https:\/\/www.ocorreionews.com.br\/acervo-correio\/index.php?rest_route=%2Fwp%2Fv2%2Fmedia&parent=18911"}],"wp:term":[{"taxonomy":"category","embeddable":true,"href":"https:\/\/www.ocorreionews.com.br\/acervo-correio\/index.php?rest_route=%2Fwp%2Fv2%2Fcategories&post=18911"},{"taxonomy":"post_tag","embeddable":true,"href":"https:\/\/www.ocorreionews.com.br\/acervo-correio\/index.php?rest_route=%2Fwp%2Fv2%2Ftags&post=18911"}],"curies":[{"name":"wp","href":"https:\/\/api.w.org\/{rel}","templated":true}]}}