{"id":18924,"date":"2016-01-18T13:21:00","date_gmt":"2016-01-18T16:21:00","guid":{"rendered":"https:\/\/ocorreionews.com.br\/?p=18924"},"modified":"2016-01-18T13:21:00","modified_gmt":"2016-01-18T16:21:00","slug":"nova-etapa-de-pre-matriculas-na-rede-estadual-de-ensino-segue-ate-aproxima-sexta-feira","status":"publish","type":"post","link":"https:\/\/www.ocorreionews.com.br\/acervo-correio\/?p=18924","title":{"rendered":"Nova etapa de pr\u00e9-matr\u00edculas na Rede Estadual de Ensino segue at\u00e9 apr\u00f3xima sexta-feira"},"content":{"rendered":"<p>A Secretaria de Estado de Educa\u00e7\u00e3o (SED) informa que a nova etapa de pr\u00e9-inscri\u00e7\u00e3o para a matr\u00edcula na Rede Estadual de Ensino de Mato Grosso do Sul vai at\u00e9 esta sexta-feira (22) e pode ser feita, via internet, nos sites <a href=\"http:\/\/www.sed.ms.gov.br\/\" target=\"_blank\">www.sed.ms.gov.br<\/a> ou\u00a0<a href=\"http:\/\/www.matriculadigital.ms.gov.br\/\" target=\"_blank\">www.matriculadigital.ms.gov.br<\/a> para todas as escolas estaduais localizadas em \u00e1reas urbanas. O acesso pode ser a qualquer hora, de qualquer lugar, utilizando um computador, tablet ou smartphone.<\/p>\n<p>A pr\u00e9-inscri\u00e7\u00e3o \u00e9 para estudantes concluintes do 9\u00ba ano em escola que n\u00e3o ofere\u00e7a o ensino m\u00e9dio; estudantes de escola estadual que n\u00e3o ofere\u00e7a a s\u00e9rie subsequente; estudantes novos; estudantes que desejem mudar de escola; estudantes desistentes; estudantes que perderam o primeiro prazo de pr\u00e9-incri\u00e7\u00e3o.<\/p>\n<p>No dia 24\/1\/2016, os candidatos dever\u00e3o consultar as escolas da Rede Estadual ou os sites <a href=\"http:\/\/www.sed.ms.gov.br\/\" target=\"_blank\">www.sed.ms.gov.br<\/a> ou\u00a0<a href=\"http:\/\/www.matriculadigital.ms.gov.br\/\" target=\"_blank\">www.matriculadigital.ms.gov.br<\/a> a fim de saber para qual escola foram designados e assim efetuar a matr\u00edcula, dentro do prazo, munidos dos documentos exigidos na ficha de inscri\u00e7\u00e3o.<\/p>\n<p>Para efetuar a matr\u00edcula, os candidatos dever\u00e3o apresentar os seguintes documentos: c\u00f3pia da certid\u00e3o de nascimento, casamento ou documento de identidade; guia de transfer\u00eancia e hist\u00f3rico escolar (quando necess\u00e1rio); comprovante de resid\u00eancia; carteira de trabalho (se o aluno for trabalhador); quatro \u00faltimos comprovantes de doa\u00e7\u00e3o de sangue (se a op\u00e7\u00e3o for marcada na pr\u00e9-inscri\u00e7\u00e3o); laudo m\u00e9dico ou atestado (se o estudante possuir necessidades espec\u00edficas).<\/p>\n<p>Nas \u00e1reas rurais e ind\u00edgenas, as matr\u00edculas s\u00e3o realizadas diretamente nas escolas.<\/p>\n<p>D\u00favidas e informa\u00e7\u00f5es, na Central de Matr\u00edculas: 0800-6470028.<\/p>\n<p><em>Assessoria de Comunica\u00e7\u00e3o da SED.<\/em><\/p>\n","protected":false},"excerpt":{"rendered":"<p>A Secretaria de Estado de Educa\u00e7\u00e3o (SED) informa que a nova etapa de pr\u00e9-inscri\u00e7\u00e3o para a matr\u00edcula na Rede Estadual de Ensino de Mato Grosso do Sul vai at\u00e9 esta sexta-feira (22) e pode ser feita, via internet, nos sites www.sed.ms.gov.br ou\u00a0www.matriculadigital.ms.gov.br para todas as escolas estaduais localizadas em \u00e1reas urbanas. O acesso pode ser [&hellip;]<\/p>\n","protected":false},"author":4,"featured_media":18925,"comment_status":"closed","ping_status":"closed","sticky":false,"template":"","format":"standard","meta":{"footnotes":""},"categories":[27],"tags":[],"class_list":["post-18924","post","type-post","status-publish","format-standard","has-post-thumbnail","hentry","category-educacao"],"_links":{"self":[{"href":"https:\/\/www.ocorreionews.com.br\/acervo-correio\/index.php?rest_route=\/wp\/v2\/posts\/18924","targetHints":{"allow":["GET"]}}],"collection":[{"href":"https:\/\/www.ocorreionews.com.br\/acervo-correio\/index.php?rest_route=\/wp\/v2\/posts"}],"about":[{"href":"https:\/\/www.ocorreionews.com.br\/acervo-correio\/index.php?rest_route=\/wp\/v2\/types\/post"}],"author":[{"embeddable":true,"href":"https:\/\/www.ocorreionews.com.br\/acervo-correio\/index.php?rest_route=\/wp\/v2\/users\/4"}],"replies":[{"embeddable":true,"href":"https:\/\/www.ocorreionews.com.br\/acervo-correio\/index.php?rest_route=%2Fwp%2Fv2%2Fcomments&post=18924"}],"version-history":[{"count":0,"href":"https:\/\/www.ocorreionews.com.br\/acervo-correio\/index.php?rest_route=\/wp\/v2\/posts\/18924\/revisions"}],"wp:featuredmedia":[{"embeddable":true,"href":"https:\/\/www.ocorreionews.com.br\/acervo-correio\/index.php?rest_route=\/wp\/v2\/media\/18925"}],"wp:attachment":[{"href":"https:\/\/www.ocorreionews.com.br\/acervo-correio\/index.php?rest_route=%2Fwp%2Fv2%2Fmedia&parent=18924"}],"wp:term":[{"taxonomy":"category","embeddable":true,"href":"https:\/\/www.ocorreionews.com.br\/acervo-correio\/index.php?rest_route=%2Fwp%2Fv2%2Fcategories&post=18924"},{"taxonomy":"post_tag","embeddable":true,"href":"https:\/\/www.ocorreionews.com.br\/acervo-correio\/index.php?rest_route=%2Fwp%2Fv2%2Ftags&post=18924"}],"curies":[{"name":"wp","href":"https:\/\/api.w.org\/{rel}","templated":true}]}}