{"id":18934,"date":"2016-01-18T14:51:12","date_gmt":"2016-01-18T17:51:12","guid":{"rendered":"https:\/\/ocorreionews.com.br\/?p=18934"},"modified":"2016-01-18T14:51:12","modified_gmt":"2016-01-18T17:51:12","slug":"caminhoneiro-da-carona-em-chapadao-do-sul-tem-dinheiro-furtado","status":"publish","type":"post","link":"https:\/\/www.ocorreionews.com.br\/acervo-correio\/?p=18934","title":{"rendered":"Caminhoneiro d\u00e1 carona em Chapad\u00e3o do Sul tem dinheiro furtado"},"content":{"rendered":"<p style=\"text-align: justify;\">No in\u00edcio da noite de sexta-feira (15), por volta das 18h30, o caminhoneiro Ricardo da Luz, teve a quantia de R$ 450,00 em dinheiro e R$ 3 mil em cheques furtados. Ricardo suspeita de que o autor tenha sido um homem que veio como carona de Chapad\u00e3o do Sul at\u00e9 Parana\u00edba.<\/p>\n<p style=\"text-align: justify;\">Conforme o Boletim de Ocorr\u00eancias, quando a v\u00edtima saia de Chapad\u00e3o do Sul, foi abordado por um indiv\u00edduo que pediu carona at\u00e9 Parana\u00edba, dizendo que quando chegasse aqui, pegaria um \u00f4nibus para Inoc\u00eancia. Durante a viajem o sujeito passou a demonstra-se bastante cansado, ent\u00e3o a v\u00edtima disse que ele podia descansar, que quando chegasse o acordaria.Chegando no trevo de Parana\u00edba, Ricardo acordou o indiv\u00edduo, ent\u00e3o o mesmo desceu e tomou rumo ignorado.<br \/>\nA v\u00edtima seguiu com o caminh\u00e3o at\u00e9 um posto de combust\u00edveis e ao pegar sua carteira, percebeu que havia sido v\u00edtima de um furto. Ricardo suspeita que o autor tenha sido o homem a quem deu carona.<\/p>\n<p style=\"text-align: justify;\">\nO caso foi registrado no Primeiro Distrito Policial, onde seguem as investiga\u00e7\u00f5es.<\/p>\n<p style=\"text-align: justify;\">\nFonte: Jornal Tribuna Livre<\/p>\n","protected":false},"excerpt":{"rendered":"<p>No in\u00edcio da noite de sexta-feira (15), por volta das 18h30, o caminhoneiro Ricardo da Luz, teve a quantia de R$ 450,00 em dinheiro e R$ 3 mil em cheques furtados. Ricardo suspeita de que o autor tenha sido um homem que veio como carona de Chapad\u00e3o do Sul at\u00e9 Parana\u00edba. Conforme o Boletim de [&hellip;]<\/p>\n","protected":false},"author":4,"featured_media":770,"comment_status":"closed","ping_status":"closed","sticky":false,"template":"","format":"standard","meta":{"footnotes":""},"categories":[38],"tags":[],"class_list":["post-18934","post","type-post","status-publish","format-standard","has-post-thumbnail","hentry","category-policia"],"_links":{"self":[{"href":"https:\/\/www.ocorreionews.com.br\/acervo-correio\/index.php?rest_route=\/wp\/v2\/posts\/18934","targetHints":{"allow":["GET"]}}],"collection":[{"href":"https:\/\/www.ocorreionews.com.br\/acervo-correio\/index.php?rest_route=\/wp\/v2\/posts"}],"about":[{"href":"https:\/\/www.ocorreionews.com.br\/acervo-correio\/index.php?rest_route=\/wp\/v2\/types\/post"}],"author":[{"embeddable":true,"href":"https:\/\/www.ocorreionews.com.br\/acervo-correio\/index.php?rest_route=\/wp\/v2\/users\/4"}],"replies":[{"embeddable":true,"href":"https:\/\/www.ocorreionews.com.br\/acervo-correio\/index.php?rest_route=%2Fwp%2Fv2%2Fcomments&post=18934"}],"version-history":[{"count":0,"href":"https:\/\/www.ocorreionews.com.br\/acervo-correio\/index.php?rest_route=\/wp\/v2\/posts\/18934\/revisions"}],"wp:featuredmedia":[{"embeddable":true,"href":"https:\/\/www.ocorreionews.com.br\/acervo-correio\/index.php?rest_route=\/wp\/v2\/media\/770"}],"wp:attachment":[{"href":"https:\/\/www.ocorreionews.com.br\/acervo-correio\/index.php?rest_route=%2Fwp%2Fv2%2Fmedia&parent=18934"}],"wp:term":[{"taxonomy":"category","embeddable":true,"href":"https:\/\/www.ocorreionews.com.br\/acervo-correio\/index.php?rest_route=%2Fwp%2Fv2%2Fcategories&post=18934"},{"taxonomy":"post_tag","embeddable":true,"href":"https:\/\/www.ocorreionews.com.br\/acervo-correio\/index.php?rest_route=%2Fwp%2Fv2%2Ftags&post=18934"}],"curies":[{"name":"wp","href":"https:\/\/api.w.org\/{rel}","templated":true}]}}