{"id":18935,"date":"2016-01-18T14:53:17","date_gmt":"2016-01-18T17:53:17","guid":{"rendered":"https:\/\/ocorreionews.com.br\/?p=18935"},"modified":"2016-01-18T14:53:17","modified_gmt":"2016-01-18T17:53:17","slug":"empresa-faz-a-compensacao-ambiental-com-reflorestamento-de-parque-em-chapadao-do-sul","status":"publish","type":"post","link":"https:\/\/www.ocorreionews.com.br\/acervo-correio\/?p=18935","title":{"rendered":"Empresa faz a compensa\u00e7\u00e3o ambiental com reflorestamento de Parque em Chapad\u00e3o do Sul"},"content":{"rendered":"<p>A empresa Linhas de Transmiss\u00e3o do Itatim S.A., juntamente com a empresa respons\u00e1vel pela implanta\u00e7\u00e3o do Programa de Reposi\u00e7\u00e3o Florestal Dossel Ambiental, conduziram visita ao local da compensa\u00e7\u00e3o ecol\u00f3gica situada na \u00e1rea destinada ao Parque Natural Municipal do Povo Parque Uni\u00e3o, na \u00faltima quinta-feira, 14.<\/p>\n<p>Esta vistoria foi realizada para constata\u00e7\u00e3o da situa\u00e7\u00e3o do reflorestamento para futura entrega do manejo da \u00e1rea para a Prefeitura.<\/p>\n<p>Este Programa de Reposi\u00e7\u00e3o Florestal trata-se de uma condicionante ambiental do processo de licenciamento ambiental das Linhas de Transmiss\u00e3o do ITATIM S.A. A prefeitura cedeu a \u00e1rea de 10,38 h\u00e1 divididas em 3 talh\u00f5es para receber a implanta\u00e7\u00e3o deste reflorestamento. O Plantio teve inicio em 2013 e est\u00e1 previsto a manuten\u00e7\u00e3o por parte da empresa at\u00e9 abril deste ano.<\/p>\n<p>De acordo com a SEDEMA, a \u00e1rea ser\u00e1 utilizada tamb\u00e9m para projetos de educa\u00e7\u00e3o ambiental de crian\u00e7as e jovens do munic\u00edpio.<\/p>\n<p><img decoding=\"async\" src=\"http:\/\/www.chapadaodosul.ms.gov.br\/admin\/arquivos\/images\/_DSC0262.JPG\" alt=\"\" \/> <img decoding=\"async\" src=\"http:\/\/www.chapadaodosul.ms.gov.br\/admin\/arquivos\/images\/_DSC0271.JPG\" alt=\"\" \/><\/p>\n<p>&nbsp;<\/p>\n<p>&nbsp;<\/p>\n<p>Assessoria<\/p>\n","protected":false},"excerpt":{"rendered":"<p>A empresa Linhas de Transmiss\u00e3o do Itatim S.A., juntamente com a empresa respons\u00e1vel pela implanta\u00e7\u00e3o do Programa de Reposi\u00e7\u00e3o Florestal Dossel Ambiental, conduziram visita ao local da compensa\u00e7\u00e3o ecol\u00f3gica situada na \u00e1rea destinada ao Parque Natural Municipal do Povo Parque Uni\u00e3o, na \u00faltima quinta-feira, 14. Esta vistoria foi realizada para constata\u00e7\u00e3o da situa\u00e7\u00e3o do reflorestamento [&hellip;]<\/p>\n","protected":false},"author":4,"featured_media":18937,"comment_status":"closed","ping_status":"closed","sticky":false,"template":"","format":"standard","meta":{"footnotes":""},"categories":[23],"tags":[],"class_list":["post-18935","post","type-post","status-publish","format-standard","has-post-thumbnail","hentry","category-chapadao-do-sul"],"_links":{"self":[{"href":"https:\/\/www.ocorreionews.com.br\/acervo-correio\/index.php?rest_route=\/wp\/v2\/posts\/18935","targetHints":{"allow":["GET"]}}],"collection":[{"href":"https:\/\/www.ocorreionews.com.br\/acervo-correio\/index.php?rest_route=\/wp\/v2\/posts"}],"about":[{"href":"https:\/\/www.ocorreionews.com.br\/acervo-correio\/index.php?rest_route=\/wp\/v2\/types\/post"}],"author":[{"embeddable":true,"href":"https:\/\/www.ocorreionews.com.br\/acervo-correio\/index.php?rest_route=\/wp\/v2\/users\/4"}],"replies":[{"embeddable":true,"href":"https:\/\/www.ocorreionews.com.br\/acervo-correio\/index.php?rest_route=%2Fwp%2Fv2%2Fcomments&post=18935"}],"version-history":[{"count":0,"href":"https:\/\/www.ocorreionews.com.br\/acervo-correio\/index.php?rest_route=\/wp\/v2\/posts\/18935\/revisions"}],"wp:featuredmedia":[{"embeddable":true,"href":"https:\/\/www.ocorreionews.com.br\/acervo-correio\/index.php?rest_route=\/wp\/v2\/media\/18937"}],"wp:attachment":[{"href":"https:\/\/www.ocorreionews.com.br\/acervo-correio\/index.php?rest_route=%2Fwp%2Fv2%2Fmedia&parent=18935"}],"wp:term":[{"taxonomy":"category","embeddable":true,"href":"https:\/\/www.ocorreionews.com.br\/acervo-correio\/index.php?rest_route=%2Fwp%2Fv2%2Fcategories&post=18935"},{"taxonomy":"post_tag","embeddable":true,"href":"https:\/\/www.ocorreionews.com.br\/acervo-correio\/index.php?rest_route=%2Fwp%2Fv2%2Ftags&post=18935"}],"curies":[{"name":"wp","href":"https:\/\/api.w.org\/{rel}","templated":true}]}}