{"id":189611,"date":"2021-11-02T06:52:46","date_gmt":"2021-11-02T10:52:46","guid":{"rendered":"https:\/\/www.ocorreionews.com.br\/acervo-correio\/?p=189611"},"modified":"2021-11-02T06:52:46","modified_gmt":"2021-11-02T10:52:46","slug":"governo-conquista-cessao-gratuita-para-construir-hospital-de-cancer-de-goias","status":"publish","type":"post","link":"https:\/\/www.ocorreionews.com.br\/acervo-correio\/?p=189611","title":{"rendered":"Governo conquista cess\u00e3o gratuita para construir Hospital de C\u00e2ncer de Goi\u00e1s"},"content":{"rendered":"<blockquote><p>Unidade ser\u00e1 refer\u00eancia em tratamento oncol\u00f3gico no Estado. \u00c1rea projetada para receber edifica\u00e7\u00e3o possui 136,4 mil metros quadrados e est\u00e1 localizada em Goi\u00e2nia, pr\u00f3xima \u00e0 Ceasa. \u201cTrata-se de uma iniciativa hist\u00f3rica, que vai garantir atendimento e tratamento m\u00e9dico-hospitalar de qualidade para crian\u00e7as, mulheres, idosos e pacientes em geral\u201d, destaca governador<\/p><\/blockquote>\n<p>Ap\u00f3s tratativas com a Uni\u00e3o, o governador Ronaldo Caiado garantiu a cess\u00e3o gratuita de um terreno para a constru\u00e7\u00e3o do Hospital de C\u00e2ncer de Goi\u00e1s, em Goi\u00e2nia. Refer\u00eancia em tratamento oncol\u00f3gico, o complexo hospitalar ser\u00e1 instalado em uma \u00e1rea de mais de 135 mil metros quadrados. \u201cOs pacientes poder\u00e3o contar com um espa\u00e7o humanizado e adequado com os melhores padr\u00f5es internacionais na \u00e1rea da sa\u00fade\u201d, afirma o governador Ronaldo Caiado.<\/p>\n<p>Para o Hospital do C\u00e2ncer, a regulariza\u00e7\u00e3o do terreno destinado \u00e0 obra encerra um entrave de ordem burocr\u00e1tica. O local, que antes pertencia \u00e0 Empresa Brasileira de Pesquisa Agropecu\u00e1ria (Embrapa), passou para o dom\u00ednio da Secretaria de Coordena\u00e7\u00e3o e Governan\u00e7a do Patrim\u00f4nio da Uni\u00e3o (SPU), vinculada ao Minist\u00e9rio da Economia.<\/p>\n<p>\u201c\u00c9 um hospital que sempre foi o meu sonho\u201d, revelou Caiado. \u201cTrata-se de algo in\u00e9dito que vai garantir atendimento e tratamento m\u00e9dico-hospitalar de qualidade para crian\u00e7as, mulheres, idosos e pacientes em geral\u201d, complementou o governador.<\/p>\n<p>O local projetado para receber as instala\u00e7\u00f5es do hospital, em Goi\u00e2nia, possui 136,4 mil metros quadrados e est\u00e1 situado no Residencial Barravento, pr\u00f3ximo \u00e0 Centrais de Abastecimento de Goi\u00e1s (Ceasa). A unidade tem previs\u00e3o de receber alas de interna\u00e7\u00e3o, ambulat\u00f3rio, quimioterapia, radioterapia, cirurgia, leitos de Unidades de Terapia Intensiva (UTIs) e um amplo setor para abrigar familiares de pacientes oncol\u00f3gicos que estiverem em tratamento e cujas resid\u00eancias sejam nos munic\u00edpios do interior de Goi\u00e1s.<\/p>\n<p>O projeto \u00e9 inspirado no Hospital de C\u00e2ncer de Barretos, tamb\u00e9m chamado de Hospital de Amor. \u201cIsso aqui vai ser um hospital do SUS, do cidad\u00e3o carente, de quem precisar. \u00c9 um hospital p\u00fablico, que vai atender as pessoas de Goi\u00e1s e de outras regi\u00f5es tamb\u00e9m\u201d, destacou Caiado.<\/p>\n<p><strong>Combate ao c\u00e2ncer<\/strong><\/p>\n<p>At\u00e9 junho de 2019, qualquer paciente com c\u00e2ncer teria de ser encaminhado para uma unidade especializada fora da sua regi\u00e3o. Na maior parte, Goi\u00e2nia era o destino de quem era diagnosticado com a doen\u00e7a. Com a regionaliza\u00e7\u00e3o da sa\u00fade, o Governo de Goi\u00e1s mant\u00e9m diversas estruturas dedicadas ao tratamento.<\/p>\n<p>Entre elas est\u00e3o o Hospital Padre Tiago, em Jata\u00ed, que possui um conv\u00eanio com o Estado, desde 2019, no valor de R$ 11 milh\u00f5es por ano. O repasse mensal \u00e9 de R$ 911.349,48. A unidade conta com sete leitos de UTI e realiza cirurgias oncol\u00f3gicas e servi\u00e7os de quimioterapia.<\/p>\n<p>Tamb\u00e9m desde 2019, os repasses ao Hospital Ara\u00fajo Jorge, em Goi\u00e2nia, foram fortalecidos. Hoje, o pagamento mensal para custeio de servi\u00e7os ambulatoriais para assist\u00eancia oncol\u00f3gica \u00e9 de R$ 1.805.618,00, que totaliza R$ 21.667.416,00 por ano.<\/p>\n<p>Em Urua\u00e7u, o Hospital do Centro-Norte Goiano, que hoje atende exclusivamente pacientes infectados pela Covid-19, ser\u00e1 refer\u00eancia oncol\u00f3gica na regi\u00e3o, ap\u00f3s a fase cr\u00edtica da pandemia. No Sul do Estado, em Itumbiara, ainda h\u00e1 o planejamento de instala\u00e7\u00e3o de centro oncol\u00f3gico dentro do Hospital S\u00e3o Marcos, cuja gest\u00e3o \u00e9 do Governo de Goi\u00e1s desde 2020.<\/p>\n<p>Al\u00e9m disso, o Estado j\u00e1 investiu em tr\u00eas policl\u00ednicas regionais, localizadas em Posse, no Nordeste goiano; Goian\u00e9sia, no Centro-Norte; e Quirin\u00f3polis, no Sudoeste do Estado. Todas contam com carretas da preven\u00e7\u00e3o aos c\u00e2nceres de mama e de colo de \u00fatero. Ligadas \u00e0s policl\u00ednicas, as Unidades M\u00f3veis de Preven\u00e7\u00e3o ao C\u00e2ncer s\u00e3o estruturas que desenvolvem a\u00e7\u00f5es nos munic\u00edpios que comp\u00f5em a regi\u00e3o de abrang\u00eancia da unidade de sa\u00fade.<\/p>\n<p>A carreta oferece exames de mamografia e papanicolau a todas as mulheres que se enquadrem nos crit\u00e9rios de inclus\u00e3o e que residam na regi\u00e3o, com objetivo de monitorar o programa de rastreamento e preven\u00e7\u00e3o ao c\u00e2ncer. Todo esse trabalho tamb\u00e9m viabiliza o diagn\u00f3stico precoce, que eleva a chance de cura a 95%.<\/p>\n<p><strong>Fonte: SES &#8211; Governo de Goi\u00e1s<\/strong><\/p>\n","protected":false},"excerpt":{"rendered":"<p>Unidade ser\u00e1 refer\u00eancia em tratamento oncol\u00f3gico no Estado. \u00c1rea projetada para receber edifica\u00e7\u00e3o possui 136,4 mil metros quadrados e est\u00e1 localizada em Goi\u00e2nia, pr\u00f3xima \u00e0 Ceasa. \u201cTrata-se de uma iniciativa hist\u00f3rica, que vai garantir atendimento e tratamento m\u00e9dico-hospitalar de qualidade para crian\u00e7as, mulheres, idosos e pacientes em geral\u201d, destaca governador Ap\u00f3s tratativas com a Uni\u00e3o, [&hellip;]<\/p>\n","protected":false},"author":4,"featured_media":189612,"comment_status":"closed","ping_status":"closed","sticky":false,"template":"","format":"standard","meta":{"footnotes":""},"categories":[37,39],"tags":[],"class_list":["post-189611","post","type-post","status-publish","format-standard","has-post-thumbnail","hentry","category-politica","category-saude"],"_links":{"self":[{"href":"https:\/\/www.ocorreionews.com.br\/acervo-correio\/index.php?rest_route=\/wp\/v2\/posts\/189611","targetHints":{"allow":["GET"]}}],"collection":[{"href":"https:\/\/www.ocorreionews.com.br\/acervo-correio\/index.php?rest_route=\/wp\/v2\/posts"}],"about":[{"href":"https:\/\/www.ocorreionews.com.br\/acervo-correio\/index.php?rest_route=\/wp\/v2\/types\/post"}],"author":[{"embeddable":true,"href":"https:\/\/www.ocorreionews.com.br\/acervo-correio\/index.php?rest_route=\/wp\/v2\/users\/4"}],"replies":[{"embeddable":true,"href":"https:\/\/www.ocorreionews.com.br\/acervo-correio\/index.php?rest_route=%2Fwp%2Fv2%2Fcomments&post=189611"}],"version-history":[{"count":1,"href":"https:\/\/www.ocorreionews.com.br\/acervo-correio\/index.php?rest_route=\/wp\/v2\/posts\/189611\/revisions"}],"predecessor-version":[{"id":189613,"href":"https:\/\/www.ocorreionews.com.br\/acervo-correio\/index.php?rest_route=\/wp\/v2\/posts\/189611\/revisions\/189613"}],"wp:featuredmedia":[{"embeddable":true,"href":"https:\/\/www.ocorreionews.com.br\/acervo-correio\/index.php?rest_route=\/wp\/v2\/media\/189612"}],"wp:attachment":[{"href":"https:\/\/www.ocorreionews.com.br\/acervo-correio\/index.php?rest_route=%2Fwp%2Fv2%2Fmedia&parent=189611"}],"wp:term":[{"taxonomy":"category","embeddable":true,"href":"https:\/\/www.ocorreionews.com.br\/acervo-correio\/index.php?rest_route=%2Fwp%2Fv2%2Fcategories&post=189611"},{"taxonomy":"post_tag","embeddable":true,"href":"https:\/\/www.ocorreionews.com.br\/acervo-correio\/index.php?rest_route=%2Fwp%2Fv2%2Ftags&post=189611"}],"curies":[{"name":"wp","href":"https:\/\/api.w.org\/{rel}","templated":true}]}}