{"id":189614,"date":"2021-11-02T07:10:39","date_gmt":"2021-11-02T11:10:39","guid":{"rendered":"https:\/\/www.ocorreionews.com.br\/acervo-correio\/?p=189614"},"modified":"2021-11-02T07:10:39","modified_gmt":"2021-11-02T11:10:39","slug":"jovem-mora-em-cemiterio-e-dorme-em-tumulos-abertos-medo-dos-vivos","status":"publish","type":"post","link":"https:\/\/www.ocorreionews.com.br\/acervo-correio\/?p=189614","title":{"rendered":"Jovem mora em cemit\u00e9rio e dorme em t\u00famulos abertos: &#8220;medo dos vivos&#8221;"},"content":{"rendered":"<div class=\"o9v6fnle cxmmr5t8 oygrvhab hcukyx3x c1et5uql ii04i59q\">\n<div dir=\"auto\">H\u00e1 tr\u00eas anos, Glauberto Willame (foto em destaque) divide as noites de sono com t\u00famulos e l\u00e1pides do Cemit\u00e9rio Nossa Senhora da Concei\u00e7\u00e3o de Po\u00e7o de Jos\u00e9 de Moura, no Sert\u00e3o da Para\u00edba. \u00c9 l\u00e1 que o jovem, desempregado e morador de rua, tem encontrado abrigo.<\/div>\n<\/div>\n<div class=\"o9v6fnle cxmmr5t8 oygrvhab hcukyx3x c1et5uql ii04i59q\">\n<div dir=\"auto\">Em entrevista ao G1, Willame admitiu que j\u00e1 teve medo de passar as noites e madrugadas no cemit\u00e9rio. No entanto, deitar ao lado dos mortos j\u00e1 n\u00e3o \u00e9 mais um problema para ele. \u201cA gente tem que ter medo de quem t\u00e1 vivo\u201d, ressaltou.<\/div>\n<\/div>\n<div class=\"o9v6fnle cxmmr5t8 oygrvhab hcukyx3x c1et5uql ii04i59q\">\n<div dir=\"auto\">Ao portal, o jovem negou que tivesse presenciado alguma \u201catividade paranormal\u201d e relatou dormir em sepulturas abertas e de \u201cpropriet\u00e1rios\u201d desconhecidos.<\/div>\n<\/div>\n<div class=\"o9v6fnle cxmmr5t8 oygrvhab hcukyx3x c1et5uql ii04i59q\">\n<div dir=\"auto\">A comida que o alimenta vem de um restaurante nos arredores do espa\u00e7o, em gesto solid\u00e1rio do dono do estabelecimento comercial.<\/div>\n<\/div>\n<div class=\"o9v6fnle cxmmr5t8 oygrvhab hcukyx3x c1et5uql ii04i59q\">\n<div dir=\"auto\">Atualmente, Willame vive de bicos, que lhe rendem de R$ 40 a R$ 50 por dia. \u201cTrabalho de tudo um pouco pra n\u00e3o ficar sem nada\u201d, disse \u00e0 reportagem.<\/div>\n<\/div>\n<div class=\"o9v6fnle cxmmr5t8 oygrvhab hcukyx3x c1et5uql ii04i59q\">\n<div dir=\"auto\">Apesar de se sentir confort\u00e1vel dormindo no cemit\u00e9rio, o jovem n\u00e3o pretende permanecer no local e segue \u00e0 procura de um emprego para melhorar de vida.<\/div>\n<\/div>\n<div class=\"o9v6fnle cxmmr5t8 oygrvhab hcukyx3x c1et5uql ii04i59q\">\n<div dir=\"auto\">Fonte: G1<\/div>\n<\/div>\n","protected":false},"excerpt":{"rendered":"<p>H\u00e1 tr\u00eas anos, Glauberto Willame (foto em destaque) divide as noites de sono com t\u00famulos e l\u00e1pides do Cemit\u00e9rio Nossa Senhora da Concei\u00e7\u00e3o de Po\u00e7o de Jos\u00e9 de Moura, no Sert\u00e3o da Para\u00edba. \u00c9 l\u00e1 que o jovem, desempregado e morador de rua, tem encontrado abrigo. Em entrevista ao G1, Willame admitiu que j\u00e1 teve [&hellip;]<\/p>\n","protected":false},"author":4,"featured_media":189615,"comment_status":"closed","ping_status":"closed","sticky":false,"template":"","format":"standard","meta":{"footnotes":""},"categories":[31,33],"tags":[],"class_list":["post-189614","post","type-post","status-publish","format-standard","has-post-thumbnail","hentry","category-geral","category-mundo"],"_links":{"self":[{"href":"https:\/\/www.ocorreionews.com.br\/acervo-correio\/index.php?rest_route=\/wp\/v2\/posts\/189614","targetHints":{"allow":["GET"]}}],"collection":[{"href":"https:\/\/www.ocorreionews.com.br\/acervo-correio\/index.php?rest_route=\/wp\/v2\/posts"}],"about":[{"href":"https:\/\/www.ocorreionews.com.br\/acervo-correio\/index.php?rest_route=\/wp\/v2\/types\/post"}],"author":[{"embeddable":true,"href":"https:\/\/www.ocorreionews.com.br\/acervo-correio\/index.php?rest_route=\/wp\/v2\/users\/4"}],"replies":[{"embeddable":true,"href":"https:\/\/www.ocorreionews.com.br\/acervo-correio\/index.php?rest_route=%2Fwp%2Fv2%2Fcomments&post=189614"}],"version-history":[{"count":1,"href":"https:\/\/www.ocorreionews.com.br\/acervo-correio\/index.php?rest_route=\/wp\/v2\/posts\/189614\/revisions"}],"predecessor-version":[{"id":189616,"href":"https:\/\/www.ocorreionews.com.br\/acervo-correio\/index.php?rest_route=\/wp\/v2\/posts\/189614\/revisions\/189616"}],"wp:featuredmedia":[{"embeddable":true,"href":"https:\/\/www.ocorreionews.com.br\/acervo-correio\/index.php?rest_route=\/wp\/v2\/media\/189615"}],"wp:attachment":[{"href":"https:\/\/www.ocorreionews.com.br\/acervo-correio\/index.php?rest_route=%2Fwp%2Fv2%2Fmedia&parent=189614"}],"wp:term":[{"taxonomy":"category","embeddable":true,"href":"https:\/\/www.ocorreionews.com.br\/acervo-correio\/index.php?rest_route=%2Fwp%2Fv2%2Fcategories&post=189614"},{"taxonomy":"post_tag","embeddable":true,"href":"https:\/\/www.ocorreionews.com.br\/acervo-correio\/index.php?rest_route=%2Fwp%2Fv2%2Ftags&post=189614"}],"curies":[{"name":"wp","href":"https:\/\/api.w.org\/{rel}","templated":true}]}}