{"id":19001,"date":"2016-01-19T19:59:01","date_gmt":"2016-01-19T22:59:01","guid":{"rendered":"https:\/\/ocorreionews.com.br\/?p=19001"},"modified":"2016-01-19T20:08:39","modified_gmt":"2016-01-19T23:08:39","slug":"acidente-entre-viatura-da-pm-e-carreta-deixa-dois-policiais-feridos-em-rodovia","status":"publish","type":"post","link":"https:\/\/www.ocorreionews.com.br\/acervo-correio\/?p=19001","title":{"rendered":"Acidente entre viatura da PM e carreta deixa dois policiais feridos em rodovia"},"content":{"rendered":"<p style=\"text-align: justify;\">Dois policiais militares ficaram feridos em acidente envolvendo uma viatura da Pol\u00edcia Militar (PM) e uma carreta, na tarde desta ter\u00e7a-feira (19), na MS-280, pr\u00f3ximo ao munic\u00edpio de Caarap\u00f3, distante 273 km de Campo Grande.<\/p>\n<p style=\"text-align: justify;\">De acordo com o site Caarap\u00f3 News, a viatura era do pelot\u00e3o da cidade e bateu de frente com a carreta. N\u00e3o h\u00e1 informa\u00e7\u00f5es sobre as circunst\u00e2ncias do acidente.<\/p>\n<p style=\"text-align: justify;\">Ficaram feridos o tenente Alan Regis Marques de Souza, que teve fratura nas duas pernas, e o soldado Lauc\u00eddio Jos\u00e9 da Cruz. O soldado Maycon Rodrigo Reis Mesacasa tamb\u00e9m estava na viatura, mas n\u00e3o sofreu ferimentos.<\/p>\n<p style=\"text-align: justify;\"><a href=\"https:\/\/ocorreionews.com.br\/wp-content\/uploads\/2016\/01\/acidentepm1a.jpg\" rel=\"attachment wp-att-19005\"><img loading=\"lazy\" decoding=\"async\" class=\"alignnone size-medium wp-image-19005\" src=\"https:\/\/ocorreionews.com.br\/wp-content\/uploads\/2016\/01\/acidentepm1a-225x300.jpg\" alt=\"acidentepm1a\" width=\"225\" height=\"300\" srcset=\"https:\/\/www.ocorreionews.com.br\/acervo-correio\/wp-content\/uploads\/2016\/01\/acidentepm1a-225x300.jpg 225w, https:\/\/www.ocorreionews.com.br\/acervo-correio\/wp-content\/uploads\/2016\/01\/acidentepm1a.jpg 480w\" sizes=\"auto, (max-width: 225px) 100vw, 225px\" \/><\/a><\/p>\n<p style=\"text-align: justify;\">O tenente foi encaminhado para o Hospital da Cassems de Dourados. As demais v\u00edtimas foram socorridas pelo Corpo de Bombeiros e encaminhadas at\u00e9 o Hospital Beneficente S\u00e3o Mateus. O condutor da carreta tamb\u00e9m n\u00e3o sofreu ferimentos.<\/p>\n<p style=\"text-align: justify;\"><big>GLAUCEA VACCARI<\/big> correiodoestado<\/p>\n","protected":false},"excerpt":{"rendered":"<p>Dois policiais militares ficaram feridos em acidente envolvendo uma viatura da Pol\u00edcia Militar (PM) e uma carreta, na tarde desta ter\u00e7a-feira (19), na MS-280, pr\u00f3ximo ao munic\u00edpio de Caarap\u00f3, distante 273 km de Campo Grande. De acordo com o site Caarap\u00f3 News, a viatura era do pelot\u00e3o da cidade e bateu de frente com a [&hellip;]<\/p>\n","protected":false},"author":4,"featured_media":19002,"comment_status":"closed","ping_status":"closed","sticky":false,"template":"","format":"standard","meta":{"footnotes":""},"categories":[38],"tags":[],"class_list":["post-19001","post","type-post","status-publish","format-standard","has-post-thumbnail","hentry","category-policia"],"_links":{"self":[{"href":"https:\/\/www.ocorreionews.com.br\/acervo-correio\/index.php?rest_route=\/wp\/v2\/posts\/19001","targetHints":{"allow":["GET"]}}],"collection":[{"href":"https:\/\/www.ocorreionews.com.br\/acervo-correio\/index.php?rest_route=\/wp\/v2\/posts"}],"about":[{"href":"https:\/\/www.ocorreionews.com.br\/acervo-correio\/index.php?rest_route=\/wp\/v2\/types\/post"}],"author":[{"embeddable":true,"href":"https:\/\/www.ocorreionews.com.br\/acervo-correio\/index.php?rest_route=\/wp\/v2\/users\/4"}],"replies":[{"embeddable":true,"href":"https:\/\/www.ocorreionews.com.br\/acervo-correio\/index.php?rest_route=%2Fwp%2Fv2%2Fcomments&post=19001"}],"version-history":[{"count":0,"href":"https:\/\/www.ocorreionews.com.br\/acervo-correio\/index.php?rest_route=\/wp\/v2\/posts\/19001\/revisions"}],"wp:featuredmedia":[{"embeddable":true,"href":"https:\/\/www.ocorreionews.com.br\/acervo-correio\/index.php?rest_route=\/wp\/v2\/media\/19002"}],"wp:attachment":[{"href":"https:\/\/www.ocorreionews.com.br\/acervo-correio\/index.php?rest_route=%2Fwp%2Fv2%2Fmedia&parent=19001"}],"wp:term":[{"taxonomy":"category","embeddable":true,"href":"https:\/\/www.ocorreionews.com.br\/acervo-correio\/index.php?rest_route=%2Fwp%2Fv2%2Fcategories&post=19001"},{"taxonomy":"post_tag","embeddable":true,"href":"https:\/\/www.ocorreionews.com.br\/acervo-correio\/index.php?rest_route=%2Fwp%2Fv2%2Ftags&post=19001"}],"curies":[{"name":"wp","href":"https:\/\/api.w.org\/{rel}","templated":true}]}}