{"id":19014,"date":"2016-01-20T07:16:30","date_gmt":"2016-01-20T10:16:30","guid":{"rendered":"https:\/\/ocorreionews.com.br\/?p=19014"},"modified":"2016-01-20T07:17:30","modified_gmt":"2016-01-20T10:17:30","slug":"dono-de-mercearia-e-morto-com-requintes-de-crueldade-em-sao-gabriel-do-oeste","status":"publish","type":"post","link":"https:\/\/www.ocorreionews.com.br\/acervo-correio\/?p=19014","title":{"rendered":"Dono de mercearia \u00e9 morto com requintes de crueldade em S\u00e3o Gabriel do Oeste"},"content":{"rendered":"<p>O crime aconteceu nesta ter\u00e7a-feria (19), no Aereado, pequena comunidade de S\u00e3o Gabriel do Oeste. Propriet\u00e1rio de uma mercearia, Nicanor Fernandes, de 61 anos, foi rendido e levado a um quarto, onde foi amarrado com as m\u00e3os para tr\u00e1s.<\/p>\n<p>A v\u00edtima tamb\u00e9m foi amorda\u00e7ada. O mesmo fio usado para amarrar Fernandes foi passado em seu pesco\u00e7o, o que acabou causando a asfixia, conforme peritos do N\u00facleo Regional de Per\u00edcia de Coxim, que trabalharam no local.<\/p>\n<p>Informa\u00e7\u00f5es repassadas\u00a0 d\u00e3o conta de que dois indiv\u00edduos participaram do crime com objetivo de roubar aproximadamente R$ 8 mil que a v\u00edtima guardava em casa. Ele n\u00e3o tinha o h\u00e1bito de depositar o dinheiro em banco e acabou despertando a cobi\u00e7a dos bandidos.<\/p>\n<p>Um deles j\u00e1 teria sido preso. Agora, a Pol\u00edcia Civil tenta localizar o segundo indiv\u00edduo. A v\u00edtima morava sozinha, mas a pol\u00edcia tenta localizar seus filhos, que moram em Campo Grande.<\/p>\n<div class=\"imagem_noticia center img640_480\">\n<p><a href=\"http:\/\/www.edicaoms.com.br\/uploads\/images\/noticias\/9f730ad8ef324eb2869e2a618009f2fa.jpg\" data-lightbox=\"example-2\" data-title=\"Foto: WhatsApp\/Edi\u00e7\u00e3o MS\"><img decoding=\"async\" title=\"\" src=\"http:\/\/www.edicaoms.com.br\/uploads\/images\/noticias\/9f730ad8ef324eb2869e2a618009f2fa.jpg\" alt=\"\" \/><\/a><\/p>\n<div class=\"foto_legenda\">\n<p>Foto: WhatsApp\/Edi\u00e7\u00e3o MS &#8211;<\/p>\n<div class=\"noticia_infos\">\n<p class=\"autor\">Sheila Forato<\/p>\n<\/div>\n<\/div>\n<\/div>\n","protected":false},"excerpt":{"rendered":"<p>O crime aconteceu nesta ter\u00e7a-feria (19), no Aereado, pequena comunidade de S\u00e3o Gabriel do Oeste. Propriet\u00e1rio de uma mercearia, Nicanor Fernandes, de 61 anos, foi rendido e levado a um quarto, onde foi amarrado com as m\u00e3os para tr\u00e1s. A v\u00edtima tamb\u00e9m foi amorda\u00e7ada. O mesmo fio usado para amarrar Fernandes foi passado em seu [&hellip;]<\/p>\n","protected":false},"author":4,"featured_media":19015,"comment_status":"closed","ping_status":"closed","sticky":false,"template":"","format":"standard","meta":{"footnotes":""},"categories":[38],"tags":[],"class_list":["post-19014","post","type-post","status-publish","format-standard","has-post-thumbnail","hentry","category-policia"],"_links":{"self":[{"href":"https:\/\/www.ocorreionews.com.br\/acervo-correio\/index.php?rest_route=\/wp\/v2\/posts\/19014","targetHints":{"allow":["GET"]}}],"collection":[{"href":"https:\/\/www.ocorreionews.com.br\/acervo-correio\/index.php?rest_route=\/wp\/v2\/posts"}],"about":[{"href":"https:\/\/www.ocorreionews.com.br\/acervo-correio\/index.php?rest_route=\/wp\/v2\/types\/post"}],"author":[{"embeddable":true,"href":"https:\/\/www.ocorreionews.com.br\/acervo-correio\/index.php?rest_route=\/wp\/v2\/users\/4"}],"replies":[{"embeddable":true,"href":"https:\/\/www.ocorreionews.com.br\/acervo-correio\/index.php?rest_route=%2Fwp%2Fv2%2Fcomments&post=19014"}],"version-history":[{"count":0,"href":"https:\/\/www.ocorreionews.com.br\/acervo-correio\/index.php?rest_route=\/wp\/v2\/posts\/19014\/revisions"}],"wp:featuredmedia":[{"embeddable":true,"href":"https:\/\/www.ocorreionews.com.br\/acervo-correio\/index.php?rest_route=\/wp\/v2\/media\/19015"}],"wp:attachment":[{"href":"https:\/\/www.ocorreionews.com.br\/acervo-correio\/index.php?rest_route=%2Fwp%2Fv2%2Fmedia&parent=19014"}],"wp:term":[{"taxonomy":"category","embeddable":true,"href":"https:\/\/www.ocorreionews.com.br\/acervo-correio\/index.php?rest_route=%2Fwp%2Fv2%2Fcategories&post=19014"},{"taxonomy":"post_tag","embeddable":true,"href":"https:\/\/www.ocorreionews.com.br\/acervo-correio\/index.php?rest_route=%2Fwp%2Fv2%2Ftags&post=19014"}],"curies":[{"name":"wp","href":"https:\/\/api.w.org\/{rel}","templated":true}]}}