{"id":190876,"date":"2021-11-18T15:51:03","date_gmt":"2021-11-18T19:51:03","guid":{"rendered":"https:\/\/www.ocorreionews.com.br\/acervo-correio\/?p=190876"},"modified":"2021-11-18T15:51:03","modified_gmt":"2021-11-18T19:51:03","slug":"camara-aprova-projeto-que-cria-mei-caminhoneiro","status":"publish","type":"post","link":"https:\/\/www.ocorreionews.com.br\/acervo-correio\/?p=190876","title":{"rendered":"C\u00e2mara aprova projeto que cria &#8216;MEI caminhoneiro&#8217;"},"content":{"rendered":"<div class=\"mc-column mc-side-item__container\" data-block-type=\"ads\" data-block-id=\"0\">\n<div class=\"mc-side-item mc-side-item--right content-ads content-ads--side-ad\">A C\u00e2mara dos Deputados aprovou nesta quarta-feira (17) um projeto de lei que cria o chamado &#8220;MEI Caminhoneiro&#8221; para incluir a categoria no modelo de Microempreendedor Individual (MEI).<\/div>\n<div><\/div>\n<\/div>\n<div class=\"wall protected-content\">\n<div class=\"mc-column content-text active-extra-styles \" data-block-type=\"unstyled\" data-block-weight=\"34\" data-block-id=\"2\">\n<p class=\"content-text__container \" data-track-category=\"Link no Texto\" data-track-links=\"\">O MEI \u00e9 uma modalidade simplificada de neg\u00f3cio. Com sua formaliza\u00e7\u00e3o, o trabalhador passa a ter o Cadastro Nacional de Pessoa Jur\u00eddica (CNPJ), pode emitir notas fiscais e tem acesso a benef\u00edcios previdenci\u00e1rios.<\/p>\n<p data-track-category=\"Link no Texto\" data-track-links=\"\">\n<\/div>\n<div class=\"mc-column content-text active-extra-styles \" data-block-type=\"unstyled\" data-block-weight=\"32\" data-block-id=\"3\">\n<p class=\"content-text__container \" data-track-category=\"Link no Texto\" data-track-links=\"\">O projeto tamb\u00e9m altera a composi\u00e7\u00e3o do Comit\u00ea Gestor do Simples Nacional (CGSN), vinculado ao Minist\u00e9rio da Economia, para aumentar a representatividade do segmento de micro e pequenas empresas <em>(veja mais abaixo)<\/em>.<\/p>\n<p data-track-category=\"Link no Texto\" data-track-links=\"\">\n<\/div>\n<div class=\"mc-column content-text active-extra-styles \" data-block-type=\"unstyled\" data-block-weight=\"21\" data-block-id=\"4\">\n<p class=\"content-text__container \" data-track-category=\"Link no Texto\" data-track-links=\"\">A proposta, de autoria do senador Jorginho Mello (PL-SC), deve voltar para an\u00e1lise do Senado, j\u00e1 que foi modificada pela C\u00e2mara.<\/p>\n<\/div>\n<p class=\"content-text__container\">\n<div class=\"mc-column content-text active-extra-styles\" data-block-type=\"raw\" data-block-weight=\"6\" data-block-id=\"5\">\n<div class=\"content-intertitle\">\n<h2>Requisitos para ter acesso ao MEI<\/h2>\n<p>&nbsp;<\/p>\n<\/div>\n<p>&nbsp;<\/p>\n<\/div>\n<div class=\"mc-column content-text active-extra-styles \" data-block-type=\"unstyled\" data-block-weight=\"59\" data-block-id=\"6\">\n<p class=\"content-text__container \" data-track-category=\"Link no Texto\" data-track-links=\"\">Segundo a legisla\u00e7\u00e3o atual, para ter acesso ao MEI o empreendedor deve atender a uma s\u00e9rie de condi\u00e7\u00f5es, entre elas, ter um faturamento anual de at\u00e9 R$ 81 mil. No entanto, pela proposta aprovada pelos deputados, o transportador aut\u00f4nomo de cargas pode se inscrever no MEI ainda que tenha um faturamento <strong><span class=\"highlight highlighted\">maior do que o das demais categorias.<\/span><\/strong><\/p>\n<p data-track-category=\"Link no Texto\" data-track-links=\"\">\n<\/div>\n<div class=\"mc-column content-text active-extra-styles \" data-block-type=\"unstyled\" data-block-weight=\"6\" data-block-id=\"7\">\n<p class=\"content-text__container \" data-track-category=\"Link no Texto\" data-track-links=\"\"><strong>Segundo o projeto, as condi\u00e7\u00f5es s\u00e3o:<\/strong><\/p>\n<\/div>\n<div class=\"mc-column content-text active-extra-styles\" data-block-type=\"raw\" data-block-weight=\"38\" data-block-id=\"8\">\n<p class=\"content-text__container\">\n<ul class=\"content-unordered-list\">\n<li>limite da receita bruta de at\u00e9 R$ 251,6 mil no ano;<\/li>\n<li>no caso de in\u00edcio das atividades, limite ser\u00e1 de R$ 20.966,67 multiplicado pelo n\u00famero de meses entre o in\u00edcio da atividade e o \u00faltimo m\u00eas do ano;<\/li>\n<\/ul>\n<\/div>\n<p>&nbsp;<\/p>\n<div class=\"mc-column content-text active-extra-styles \" data-block-type=\"unstyled\" data-block-weight=\"20\" data-block-id=\"9\">\n<p class=\"content-text__container \" data-track-category=\"Link no Texto\" data-track-links=\"\">O valor mensal da contribui\u00e7\u00e3o previdenci\u00e1ria dos caminhoneiros que fa\u00e7am parte do MEI ser\u00e1 de 12% sobre o sal\u00e1rio m\u00ednimo.<\/p>\n<\/div>\n<div class=\"mc-column content-text active-extra-styles \" data-block-type=\"unstyled\" data-block-weight=\"18\" data-block-id=\"10\">\n<p class=\"content-text__container \" data-track-category=\"Link no Texto\" data-track-links=\"\">Segundo a relatora, deputada Caroline de Toni (PSL-PR), se aprovado, o projeto ir\u00e1 ampliar direitos dos caminhoneiros.<\/p>\n<p data-track-category=\"Link no Texto\" data-track-links=\"\">\n<\/div>\n<div class=\"mc-column content-text active-extra-styles \" data-block-type=\"unstyled\" data-block-weight=\"84\" data-block-id=\"11\">\n<p class=\"content-text__container \" data-track-category=\"Link no Texto\" data-track-links=\"\">\u201cFazendo parte do MEI, eles [caminhoneiros] ter\u00e3o direito a benef\u00edcios previdenci\u00e1rios, como aux\u00edlio-doen\u00e7a, aposentadoria, pens\u00e3o por morte para a fam\u00edlia. Ao mesmo tempo, ao criar um CNPJ como microempreendedor individual, eles v\u00e3o ter aprova\u00e7\u00e3o de cr\u00e9dito mais facilitada, v\u00e3o ter tamb\u00e9m melhores pre\u00e7os nas compras de pe\u00e7as para seus caminh\u00f5es, melhores condi\u00e7\u00f5es e planos de financiamento, apoio t\u00e9cnico e profissional do Sebrae, que oferece apoio aos caminhoneiros para melhorar seus neg\u00f3cios, sem falar na diminui\u00e7\u00e3o dos impostos e das burocracias\u201d, disse de Toni.<\/p>\n<p data-track-category=\"Link no Texto\" data-track-links=\"\">\n<\/div>\n<div class=\"mc-column content-text active-extra-styles \" data-block-type=\"unstyled\" data-block-weight=\"20\" data-block-id=\"13\">\n<p class=\"content-text__container \" data-track-category=\"Link no Texto\" data-track-links=\"\">A relatora tamb\u00e9m defende que o projeto, apesar de ampliar os benef\u00edcios tribut\u00e1rios, n\u00e3o tem impacto financeiro e or\u00e7ament\u00e1rio.<\/p>\n<p data-track-category=\"Link no Texto\" data-track-links=\"\">\n<\/div>\n<div class=\"mc-column content-text active-extra-styles \" data-block-type=\"unstyled\" data-block-weight=\"28\" data-block-id=\"14\">\n<p class=\"content-text__container \" data-track-category=\"Link no Texto\" data-track-links=\"\">\u201cEmbora possa levar a impress\u00e3o de que estaria havendo ren\u00fancia de receitas, tem o efeito econ\u00f4mico de trazer para formalidade v\u00e1rios desses profissionais&#8221;, escreveu em seu parecer.<\/p>\n<p data-track-category=\"Link no Texto\" data-track-links=\"\">\n<\/div>\n<div class=\"mc-column content-text active-extra-styles \" data-block-type=\"unstyled\" data-block-weight=\"54\" data-block-id=\"15\">\n<p class=\"content-text__container \" data-track-category=\"Link no Texto\" data-track-links=\"\">Durante a discuss\u00e3o da mat\u00e9ria, o deputado Helder Salom\u00e3o (PT-ES) disse que a C\u00e2mara estaria abrindo um &#8220;precedente&#8221; e que seria preciso &#8220;discutir tamb\u00e9m as demais categorias&#8221; \u2014 como a possibilidade de aumentar o limite de faturamento das demais categorias do MEI e das micro e pequenas empresas que podem aderir ao Simples Nacional.<\/p>\n<p data-track-category=\"Link no Texto\" data-track-links=\"\">\n<\/div>\n<div class=\"mc-column content-text active-extra-styles \" data-block-type=\"unstyled\" data-block-weight=\"61\" data-block-id=\"16\">\n<p class=\"content-text__container \" data-track-category=\"Link no Texto\" data-track-links=\"\">&#8220;Qual \u00e9 o precedente? O precedente de criar uma nova faixa, uma nova categoria chamada MEI Caminhoneiro. \u00c9 poss\u00edvel que daqui a pouco algu\u00e9m queira criar aqui o MEI Advogado; o MEI Fisioterapeuta. Ent\u00e3o, n\u00f3s estamos abrindo uma excepcionalidade que precisa ser compreendida por esta Casa como uma abertura que, a meu ver, pode trazer problemas futuros&#8221;, disse o deputado.<\/p>\n<p data-track-category=\"Link no Texto\" data-track-links=\"\">\n<\/div>\n<div class=\"mc-column content-text active-extra-styles\" data-block-type=\"raw\" data-block-weight=\"1\" data-block-id=\"17\">\n<p class=\"content-text__container\">\n<div class=\"content-intertitle\">\n<h2>Mudan\u00e7as<\/h2>\n<\/div>\n<\/div>\n<p>&nbsp;<\/p>\n<div class=\"mc-column content-text active-extra-styles \" data-block-type=\"unstyled\" data-block-weight=\"43\" data-block-id=\"18\">\n<p class=\"content-text__container \" data-track-category=\"Link no Texto\" data-track-links=\"\">O relat\u00f3rio aprovado pelo Senado previa que, para um caminhoneiro fazer parte do MEI, a receita bruta relativa a fretes deveria corresponder a 20% do valor total das receitas obtidas nesta modalidade, e o valor mensal da contribui\u00e7\u00e3o previdenci\u00e1ria seria de 11%.<\/p>\n<p data-track-category=\"Link no Texto\" data-track-links=\"\">\n<\/div>\n<div class=\"mc-column content-text active-extra-styles \" data-block-type=\"unstyled\" data-block-weight=\"32\" data-block-id=\"19\">\n<p class=\"content-text__container \" data-track-category=\"Link no Texto\" data-track-links=\"\">De Toni alterou o projeto, colocando o limite de faturamento em R$ 251,6 mil e elevando o percentual de contribui\u00e7\u00e3o para 12%. Segundo a relatora, as mudan\u00e7as foram dialogadas com o governo.<\/p>\n<p data-track-category=\"Link no Texto\" data-track-links=\"\">\n<\/div>\n<div class=\"mc-column content-text active-extra-styles \" data-block-type=\"unstyled\" data-block-weight=\"32\" data-block-id=\"20\">\n<p class=\"content-text__container \" data-track-category=\"Link no Texto\" data-track-links=\"\">O substitutivo adotado pela C\u00e2mara tamb\u00e9m prev\u00ea a inclus\u00e3o de atividades n\u00e3o empresariais no MEI, desde que sejam previstas pela lei complementar que trata de micro e pequenas empresas ou pelo CGSN.<\/p>\n<p data-track-category=\"Link no Texto\" data-track-links=\"\">\n<\/div>\n<div class=\"mc-column content-text active-extra-styles \" data-block-type=\"unstyled\" data-block-weight=\"67\" data-block-id=\"21\">\n<p class=\"content-text__container \" data-track-category=\"Link no Texto\" data-track-links=\"\">No Senado, havia sido proposta uma altera\u00e7\u00e3o no C\u00f3digo Civil para considerar como empres\u00e1rio quem presta servi\u00e7os, inclusive aqueles relativos \u00e0 profiss\u00e3o intelectual, de natureza cient\u00edfica, liter\u00e1ria ou art\u00edstica, \u201cdesde que o exerc\u00edcio da atividade ocorra de forma independente e aut\u00f4noma, e sem a presen\u00e7a dos elementos da rela\u00e7\u00e3o de emprego entre o tomador e o prestador dos servi\u00e7os\u201d. Esse dispositivo foi retirado pela relatora na C\u00e2mara.<\/p>\n<p data-track-category=\"Link no Texto\" data-track-links=\"\">\n<\/div>\n<div class=\"content-ads content-ads--reveal\" data-block-type=\"ads\" data-block-id=\"22\">\n<div id=\"banner_materia__218162d9-d9a1-4aa1-956a-ae813878f1de\" class=\"tag-manager-publicidade-container mc-has-reveal mc-has-ad-lazyload tag-manager-publicidade-banner_materia__218162d9-d9a1-4aa1-956a-ae813878f1de tag-manager-publicidade-container--carregado tag-manager-publicidade-container--visivel\" data-id=\"banner_materia__218162d9-d9a1-4aa1-956a-ae813878f1de\" data-req=\"true\" data-google-query-id=\"CIXJy4TXovQCFS8FuQYdFO8LlA\" data-cid=\"138369289538\" data-lid=\"5823133624\">\n<div id=\"google_ads_iframe_\/95377733\/tvg_G1\/Politica_4__container__\"><\/div>\n<\/div>\n<\/div>\n<div class=\"mc-column content-text active-extra-styles \" data-block-type=\"unstyled\" data-block-weight=\"31\" data-block-id=\"23\">\n<p class=\"content-text__container \" data-track-category=\"Link no Texto\" data-track-links=\"\">Outro dispositivo retirado pelos deputados detalhava uma s\u00e9rie de categorias que tamb\u00e9m poderiam optar pelo MEI, entre eles astr\u00f3logo, personal trainer, esteticista, instrutor de cursos preparat\u00f3rios, humoristas, video jockey, etc.<\/p>\n<p data-track-category=\"Link no Texto\" data-track-links=\"\">\n<\/div>\n<div class=\"mc-column content-text active-extra-styles\" data-block-type=\"raw\" data-block-weight=\"5\" data-block-id=\"24\">\n<p class=\"content-text__container\">\n<div class=\"content-intertitle\">\n<h2>Comit\u00ea Gestor do Simples Nacional<\/h2>\n<p>&nbsp;<\/p>\n<\/div>\n<p>&nbsp;<\/p>\n<\/div>\n<div class=\"mc-column content-text active-extra-styles \" data-block-type=\"unstyled\" data-block-weight=\"26\" data-block-id=\"25\">\n<p class=\"content-text__container \" data-track-category=\"Link no Texto\" data-track-links=\"\">A proposta tamb\u00e9m altera a composi\u00e7\u00e3o do Comit\u00ea Gestor do Simples Nacional (CGSN), \u00f3rg\u00e3o respons\u00e1vel por gerir o tratamento diferenciado dado \u00e0s micro e pequenas empresas.<\/p>\n<p data-track-category=\"Link no Texto\" data-track-links=\"\">\n<\/div>\n<div class=\"mc-column content-text active-extra-styles \" data-block-type=\"unstyled\" data-block-weight=\"23\" data-block-id=\"26\">\n<p class=\"content-text__container \" data-track-category=\"Link no Texto\" data-track-links=\"\">Atualmente, o comit\u00ea \u00e9 formado por quatro representantes da Receita Federal (Uni\u00e3o), dois dos estados e do Distrito Federal e dois dos munic\u00edpios.<\/p>\n<p data-track-category=\"Link no Texto\" data-track-links=\"\">\n<\/div>\n<div class=\"mc-column content-text active-extra-styles \" data-block-type=\"unstyled\" data-block-weight=\"51\" data-block-id=\"27\">\n<p class=\"content-text__container \" data-track-category=\"Link no Texto\" data-track-links=\"\">Com as mudan\u00e7as, o colegiado passar\u00e1 a ter outros dois representantes, um do Servi\u00e7o Brasileiro de Apoio \u00e0s Micro e Pequenas Empresas (Sebrae) e um das confedera\u00e7\u00f5es nacionais de representa\u00e7\u00e3o das micro e pequenas empresas \u2014 esta \u00faltima vaga ser\u00e1 ocupada em regime de rod\u00edzio anual entre as confedera\u00e7\u00f5es.<\/p>\n<p data-track-category=\"Link no Texto\" data-track-links=\"\">\n<\/div>\n<div class=\"mc-column content-text active-extra-styles \" data-block-type=\"unstyled\" data-block-weight=\"35\" data-block-id=\"28\">\n<p class=\"content-text__container \" data-track-category=\"Link no Texto\" data-track-links=\"\">Al\u00e9m disso, a Subsecretaria de Desenvolvimento das Micro e Pequenas Empresas, Empreendedorismo e Artesanato da Secretaria Especial de Produtividade, Emprego e Competitividade ter\u00e1 uma das vagas da Uni\u00e3o. As demais permanecem com a Receita Federal.<\/p>\n<p data-track-category=\"Link no Texto\" data-track-links=\"\">\n<\/div>\n<\/div>\n<p>&nbsp;<\/p>\n<p>&nbsp;<\/p>\n<p class=\"content-publication-data__from\" title=\"Elisa Clavery e Luiz Felipe Barbi\u00e9ri, TV Globo e g1\">Por Elisa Clavery e Luiz Felipe Barbi\u00e9ri, TV Globo e g1 \u2014 Bras\u00edlia<\/p>\n","protected":false},"excerpt":{"rendered":"<p>A C\u00e2mara dos Deputados aprovou nesta quarta-feira (17) um projeto de lei que cria o chamado &#8220;MEI Caminhoneiro&#8221; para incluir a categoria no modelo de Microempreendedor Individual (MEI). O MEI \u00e9 uma modalidade simplificada de neg\u00f3cio. Com sua formaliza\u00e7\u00e3o, o trabalhador passa a ter o Cadastro Nacional de Pessoa Jur\u00eddica (CNPJ), pode emitir notas fiscais [&hellip;]<\/p>\n","protected":false},"author":5,"featured_media":95446,"comment_status":"closed","ping_status":"closed","sticky":false,"template":"","format":"standard","meta":{"footnotes":""},"categories":[37],"tags":[],"class_list":["post-190876","post","type-post","status-publish","format-standard","has-post-thumbnail","hentry","category-politica"],"_links":{"self":[{"href":"https:\/\/www.ocorreionews.com.br\/acervo-correio\/index.php?rest_route=\/wp\/v2\/posts\/190876","targetHints":{"allow":["GET"]}}],"collection":[{"href":"https:\/\/www.ocorreionews.com.br\/acervo-correio\/index.php?rest_route=\/wp\/v2\/posts"}],"about":[{"href":"https:\/\/www.ocorreionews.com.br\/acervo-correio\/index.php?rest_route=\/wp\/v2\/types\/post"}],"author":[{"embeddable":true,"href":"https:\/\/www.ocorreionews.com.br\/acervo-correio\/index.php?rest_route=\/wp\/v2\/users\/5"}],"replies":[{"embeddable":true,"href":"https:\/\/www.ocorreionews.com.br\/acervo-correio\/index.php?rest_route=%2Fwp%2Fv2%2Fcomments&post=190876"}],"version-history":[{"count":1,"href":"https:\/\/www.ocorreionews.com.br\/acervo-correio\/index.php?rest_route=\/wp\/v2\/posts\/190876\/revisions"}],"predecessor-version":[{"id":190877,"href":"https:\/\/www.ocorreionews.com.br\/acervo-correio\/index.php?rest_route=\/wp\/v2\/posts\/190876\/revisions\/190877"}],"wp:featuredmedia":[{"embeddable":true,"href":"https:\/\/www.ocorreionews.com.br\/acervo-correio\/index.php?rest_route=\/wp\/v2\/media\/95446"}],"wp:attachment":[{"href":"https:\/\/www.ocorreionews.com.br\/acervo-correio\/index.php?rest_route=%2Fwp%2Fv2%2Fmedia&parent=190876"}],"wp:term":[{"taxonomy":"category","embeddable":true,"href":"https:\/\/www.ocorreionews.com.br\/acervo-correio\/index.php?rest_route=%2Fwp%2Fv2%2Fcategories&post=190876"},{"taxonomy":"post_tag","embeddable":true,"href":"https:\/\/www.ocorreionews.com.br\/acervo-correio\/index.php?rest_route=%2Fwp%2Fv2%2Ftags&post=190876"}],"curies":[{"name":"wp","href":"https:\/\/api.w.org\/{rel}","templated":true}]}}