{"id":190878,"date":"2021-11-18T15:55:56","date_gmt":"2021-11-18T19:55:56","guid":{"rendered":"https:\/\/www.ocorreionews.com.br\/acervo-correio\/?p=190878"},"modified":"2021-11-18T15:55:56","modified_gmt":"2021-11-18T19:55:56","slug":"menina-de-8-anos-morre-apos-ser-picada-por-cobra-jararaca-em-mt","status":"publish","type":"post","link":"https:\/\/www.ocorreionews.com.br\/acervo-correio\/?p=190878","title":{"rendered":"Menina de 8 anos morre ap\u00f3s ser picada por cobra jararaca em MT"},"content":{"rendered":"<div class=\"mc-column content-text active-extra-styles \" data-block-type=\"unstyled\" data-block-weight=\"45\" data-block-id=\"2\">\n<p class=\"content-text__container \" data-track-category=\"Link no Texto\" data-track-links=\"\">Uma menina de 8 anos morreu nesta quinta-feira (18) ap\u00f3s ser picada por uma cobra da esp\u00e9cie jararaca, num s\u00edtio na zona rural a de Colniza, a km de Cuiab\u00e1. Melissa de Oliveira Gud\u00ea foi socorrida e internada no hospital da cidade, onde faleceu.<\/p>\n<p data-track-category=\"Link no Texto\" data-track-links=\"\">\n<\/div>\n<div class=\"wall protected-content\">\n<div class=\"mc-column content-text active-extra-styles \" data-block-type=\"unstyled\" data-block-weight=\"22\" data-block-id=\"3\">\n<p class=\"content-text__container \" data-track-category=\"Link no Texto\" data-track-links=\"\">Segundo a dire\u00e7\u00e3o do hospital, a crian\u00e7a estava junto com o pai pr\u00f3ximo a um c\u00f3rrego quando foi picada pelo animal pe\u00e7onhento.<\/p>\n<\/div>\n<div class=\"mc-column content-text active-extra-styles\" data-block-type=\"raw\" data-block-weight=\"10\" data-block-id=\"4\">\n<p>&nbsp;<\/p>\n<p>&nbsp;<\/p>\n<\/div>\n<div class=\"row medium-uncollapsed content-media content-photo\" data-block-type=\"backstage-photo\" data-block-id=\"5\">\n<div class=\"mc-column content-media__container\">\n<div class=\"content-media-container glb-skeleton-box\">\n<figure class=\"content-media-figure\">\n<p><figure style=\"width: 647px\" class=\"wp-caption aligncenter\"><img loading=\"lazy\" decoding=\"async\" class=\"i-amphtml-fill-content i-amphtml-replaced-content\" src=\"https:\/\/s2.glbimg.com\/Xa_XK9COvF6bQyyZ0yJT_P8ky8c=\/0x0:780x1040\/984x0\/smart\/filters:strip_icc()\/i.s3.glbimg.com\/v1\/AUTH_59edd422c0c84a879bd37670ae4f538a\/internal_photos\/bs\/2021\/y\/e\/uKWdTFSlWicHOcnZnAVg\/whatsapp-image-2021-11-18-at-12.37.31-1-.jpeg\" sizes=\"auto, (max-width: 1366px) 648px, 100vw\" srcset=\"https:\/\/s2.glbimg.com\/F7MajRDAdGZlLgDFcj5bPXUs2Uw=\/0x0:780x1040\/1000x0\/smart\/filters:strip_icc()\/i.s3.glbimg.com\/v1\/AUTH_59edd422c0c84a879bd37670ae4f538a\/internal_photos\/bs\/2021\/y\/e\/uKWdTFSlWicHOcnZnAVg\/whatsapp-image-2021-11-18-at-12.37.31-1-.jpeg 1000w, https:\/\/s2.glbimg.com\/Xa_XK9COvF6bQyyZ0yJT_P8ky8c=\/0x0:780x1040\/984x0\/smart\/filters:strip_icc()\/i.s3.glbimg.com\/v1\/AUTH_59edd422c0c84a879bd37670ae4f538a\/internal_photos\/bs\/2021\/y\/e\/uKWdTFSlWicHOcnZnAVg\/whatsapp-image-2021-11-18-at-12.37.31-1-.jpeg 984w, https:\/\/s2.glbimg.com\/OlmEWb-Ggpn0e_f9tht1ZS_08eM=\/0x0:780x1040\/640x0\/smart\/filters:strip_icc()\/i.s3.glbimg.com\/v1\/AUTH_59edd422c0c84a879bd37670ae4f538a\/internal_photos\/bs\/2021\/y\/e\/uKWdTFSlWicHOcnZnAVg\/whatsapp-image-2021-11-18-at-12.37.31-1-.jpeg 640w, https:\/\/s2.glbimg.com\/QI9tUQuQe1K2SCYYvrPWDzccaMQ=\/0x0:780x1040\/600x0\/smart\/filters:strip_icc()\/i.s3.glbimg.com\/v1\/AUTH_59edd422c0c84a879bd37670ae4f538a\/internal_photos\/bs\/2021\/y\/e\/uKWdTFSlWicHOcnZnAVg\/whatsapp-image-2021-11-18-at-12.37.31-1-.jpeg 600w\" alt=\"Cobra picou menina \u2014 Foto: Divulga\u00e7\u00e3o\" width=\"647\" height=\"863\" \/><figcaption class=\"wp-caption-text\">Cobra que picou menina \u2014 Foto: Divulga\u00e7\u00e3o<\/figcaption><\/figure><\/figure>\n<\/div>\n<p class=\"content-media__description \">\n<\/div>\n<\/div>\n<div class=\"mc-column content-text active-extra-styles \" data-block-type=\"unstyled\" data-block-weight=\"18\" data-block-id=\"6\">\n<p class=\"content-text__container \" data-track-category=\"Link no Texto\" data-track-links=\"\">No Hospital Municipal Andr\u00e9 Maggi (HMAM), ela tomou oito ampolas de soro antiof\u00eddico e seria transferida para Cuiab\u00e1.<\/p>\n<p data-track-category=\"Link no Texto\" data-track-links=\"\">\n<\/div>\n<div class=\"mc-column content-text active-extra-styles \" data-block-type=\"unstyled\" data-block-weight=\"43\" data-block-id=\"7\">\n<p class=\"content-text__container \" data-track-category=\"Link no Texto\" data-track-links=\"\">Ao<strong> g1<\/strong> a assessoria da prefeitura de Colniza informou que a menina chegou \u00e0 unidade por volta de 16h e devido \u00e0 gravidade do estado de sa\u00fade foi solicitado transporte a\u00e9reo para Cuiab\u00e1, mas as condi\u00e7\u00f5es de voo noturna n\u00e3o estavam favor\u00e1veis.<\/p>\n<p data-track-category=\"Link no Texto\" data-track-links=\"\">\n<\/div>\n<div class=\"mc-column content-text active-extra-styles \" data-block-type=\"unstyled\" data-block-weight=\"25\" data-block-id=\"9\">\n<p class=\"content-text__container \" data-track-category=\"Link no Texto\" data-track-links=\"\">A crian\u00e7a seria transferida na manh\u00e3 desta quinta-feira, mas n\u00e3o resistiu e faleceu. A menina chegou em torno de 1h a 3h da picada.<\/p>\n<p data-track-category=\"Link no Texto\" data-track-links=\"\">\n<\/div>\n<div class=\"row medium-uncollapsed content-media content-photo\" data-block-type=\"backstage-photo\" data-block-id=\"10\">\n<div class=\"mc-column content-media__container\">\n<div class=\"content-media-container glb-skeleton-box\">\n<figure class=\"content-media-figure\">\n<p><figure style=\"width: 647px\" class=\"wp-caption aligncenter\"><img loading=\"lazy\" decoding=\"async\" class=\"i-amphtml-fill-content i-amphtml-replaced-content\" src=\"https:\/\/s2.glbimg.com\/8irnv3fuiPYE6OjXj8wW1wque08=\/0x39:720x545\/984x0\/smart\/filters:strip_icc()\/i.s3.glbimg.com\/v1\/AUTH_59edd422c0c84a879bd37670ae4f538a\/internal_photos\/bs\/2021\/W\/l\/KB4xB5SGGBHr6pfHrfvQ\/whatsapp-image-2021-11-18-at-12.37.31.jpeg\" sizes=\"auto, (max-width: 1366px) 648px, 100vw\" srcset=\"https:\/\/s2.glbimg.com\/YfKZD9dr4urj3CV0w_Iq7CJrdZ4=\/0x39:720x545\/1000x0\/smart\/filters:strip_icc()\/i.s3.glbimg.com\/v1\/AUTH_59edd422c0c84a879bd37670ae4f538a\/internal_photos\/bs\/2021\/W\/l\/KB4xB5SGGBHr6pfHrfvQ\/whatsapp-image-2021-11-18-at-12.37.31.jpeg 1000w, https:\/\/s2.glbimg.com\/8irnv3fuiPYE6OjXj8wW1wque08=\/0x39:720x545\/984x0\/smart\/filters:strip_icc()\/i.s3.glbimg.com\/v1\/AUTH_59edd422c0c84a879bd37670ae4f538a\/internal_photos\/bs\/2021\/W\/l\/KB4xB5SGGBHr6pfHrfvQ\/whatsapp-image-2021-11-18-at-12.37.31.jpeg 984w, https:\/\/s2.glbimg.com\/eRSPJ1IGdu8jflLaA8Mlj2TlSHo=\/0x39:720x545\/640x0\/smart\/filters:strip_icc()\/i.s3.glbimg.com\/v1\/AUTH_59edd422c0c84a879bd37670ae4f538a\/internal_photos\/bs\/2021\/W\/l\/KB4xB5SGGBHr6pfHrfvQ\/whatsapp-image-2021-11-18-at-12.37.31.jpeg 640w, https:\/\/s2.glbimg.com\/rYhz1RqFNGxQY2GrxdDIAJcvSKs=\/0x39:720x545\/600x0\/smart\/filters:strip_icc()\/i.s3.glbimg.com\/v1\/AUTH_59edd422c0c84a879bd37670ae4f538a\/internal_photos\/bs\/2021\/W\/l\/KB4xB5SGGBHr6pfHrfvQ\/whatsapp-image-2021-11-18-at-12.37.31.jpeg 600w\" alt=\"Crian\u00e7a foi atendida e seria transferida, mas morreu \u2014 Foto: Divulga\u00e7\u00e3o\" width=\"647\" height=\"455\" \/><figcaption class=\"wp-caption-text\">Crian\u00e7a foi atendida e seria transferida, mas morreu \u2014 Foto: Divulga\u00e7\u00e3o<\/figcaption><\/figure><\/figure>\n<\/div>\n<p class=\"content-media__description \">\n<\/div>\n<\/div>\n<div class=\"mc-column content-text active-extra-styles \" data-block-type=\"unstyled\" data-block-weight=\"15\" data-block-id=\"11\">\n<p class=\"content-text__container \" data-track-category=\"Link no Texto\" data-track-links=\"\">As jararacas s\u00e3o as respons\u00e1veis por mais de 90% dos acidentes com cobras no Brasil.<\/p>\n<p data-track-category=\"Link no Texto\" data-track-links=\"\">\n<\/div>\n<div class=\"mc-column content-text active-extra-styles \" data-block-type=\"unstyled\" data-block-weight=\"17\" data-block-id=\"12\">\n<p class=\"content-text__container \" data-track-category=\"Link no Texto\" data-track-links=\"\">O veneno das jararacas \u00e9 composto por enzimas que degradam a musculatura, causando hemorragias e necrose local.<\/p>\n<p data-track-category=\"Link no Texto\" data-track-links=\"\">\n<\/div>\n<div class=\"row medium-uncollapsed content-media content-photo\" data-block-type=\"backstage-photo\" data-block-id=\"13\">\n<div class=\"mc-column content-media__container\">\n<div class=\"content-media-container glb-skeleton-box\">\n<figure class=\"content-media-figure\">\n<p><figure style=\"width: 647px\" class=\"wp-caption aligncenter\"><img loading=\"lazy\" decoding=\"async\" class=\"i-amphtml-fill-content i-amphtml-replaced-content\" src=\"https:\/\/s2.glbimg.com\/6bWSZZjaqjVbTSxAr_NTJYTpQ9Q=\/0x0:1920x1080\/984x0\/smart\/filters:strip_icc()\/i.s3.glbimg.com\/v1\/AUTH_59edd422c0c84a879bd37670ae4f538a\/internal_photos\/bs\/2021\/y\/R\/aWb0XoT5eaYBBjDxKknA\/ras-manteiga-4-.png\" sizes=\"auto, (max-width: 1366px) 648px, 100vw\" srcset=\"https:\/\/s2.glbimg.com\/aTCP7mk3klhOC46XW1XLWtGF7bM=\/0x0:1920x1080\/1000x0\/smart\/filters:strip_icc()\/i.s3.glbimg.com\/v1\/AUTH_59edd422c0c84a879bd37670ae4f538a\/internal_photos\/bs\/2021\/y\/R\/aWb0XoT5eaYBBjDxKknA\/ras-manteiga-4-.png 1000w, https:\/\/s2.glbimg.com\/6bWSZZjaqjVbTSxAr_NTJYTpQ9Q=\/0x0:1920x1080\/984x0\/smart\/filters:strip_icc()\/i.s3.glbimg.com\/v1\/AUTH_59edd422c0c84a879bd37670ae4f538a\/internal_photos\/bs\/2021\/y\/R\/aWb0XoT5eaYBBjDxKknA\/ras-manteiga-4-.png 984w, https:\/\/s2.glbimg.com\/MMsI2H6iYjc1Qkk2z85OP-effe0=\/0x0:1920x1080\/640x0\/smart\/filters:strip_icc()\/i.s3.glbimg.com\/v1\/AUTH_59edd422c0c84a879bd37670ae4f538a\/internal_photos\/bs\/2021\/y\/R\/aWb0XoT5eaYBBjDxKknA\/ras-manteiga-4-.png 640w, https:\/\/s2.glbimg.com\/1XhkZ-QIHEPOtLbszM6ghERWe3U=\/0x0:1920x1080\/600x0\/smart\/filters:strip_icc()\/i.s3.glbimg.com\/v1\/AUTH_59edd422c0c84a879bd37670ae4f538a\/internal_photos\/bs\/2021\/y\/R\/aWb0XoT5eaYBBjDxKknA\/ras-manteiga-4-.png 600w\" alt=\"As jararacas s\u00e3o respons\u00e1veis por mais de 90% dos acidentes no Brasil; veneno da coral \u00e9 mais potente \u2014 Foto: Arte\/Giulia Bucheroni\" width=\"647\" height=\"364\" \/><figcaption class=\"wp-caption-text\">As jararacas s\u00e3o respons\u00e1veis por mais de 90% dos acidentes no Brasil; veneno da coral \u00e9 mais potente \u2014 Foto: Arte\/Giulia Bucheroni<\/figcaption><\/figure><\/figure>\n<\/div>\n<p class=\"content-media__description \">\n<\/div>\n<\/div>\n<div class=\"mc-column content-text active-extra-styles\" data-block-type=\"raw\" data-block-weight=\"2\" data-block-id=\"14\">\n<p class=\"content-text__container\">\n<div class=\"content-intertitle\">\n<h2>Primeiros socorros<\/h2>\n<p>&nbsp;<\/p>\n<\/div>\n<p>&nbsp;<\/p>\n<\/div>\n<div class=\"mc-column content-text active-extra-styles \" data-block-type=\"unstyled\" data-block-weight=\"33\" data-block-id=\"15\">\n<p class=\"content-text__container \" data-track-category=\"Link no Texto\" data-track-links=\"\">Em caso de picada, \u00e9 importante n\u00e3o amarrar o local que foi picado. Essa pr\u00e1tica pode ocasionar o surgimento de necrose, al\u00e9m de aumentar a chance de amputa\u00e7\u00e3o do membro ou outras complica\u00e7\u00f5es.<\/p>\n<p data-track-category=\"Link no Texto\" data-track-links=\"\">\n<\/div>\n<div class=\"mc-column content-text active-extra-styles \" data-block-type=\"unstyled\" data-block-weight=\"42\" data-block-id=\"16\">\n<p class=\"content-text__container \" data-track-category=\"Link no Texto\" data-track-links=\"\">Outra orienta\u00e7\u00e3o \u00e9 nunca cortar o local da picada, nem fazer perfura\u00e7\u00f5es ou suc\u00e7\u00e3o. O local da ferida deve ser lavado com \u00e1gua e sab\u00e3o. O pesquisador ressalta ainda que a v\u00edtima deve ser levada o mais r\u00e1pido poss\u00edvel para o hospital.<\/p>\n<p data-track-category=\"Link no Texto\" data-track-links=\"\">\n<\/div>\n<div class=\"mc-column content-text active-extra-styles \" data-block-type=\"unstyled\" data-block-weight=\"49\" data-block-id=\"18\">\n<p class=\"content-text__container \" data-track-category=\"Link no Texto\" data-track-links=\"\">Caso a cobra tenha sido morta, a pessoa deve lev\u00e1-la at\u00e9 o hospital ou fotograf\u00e1-la. Por isso, o pesquisador afirma que \u00e9 importante o profissional de sa\u00fade saber reconhecer qual a serpente causadora do envenenamento durante o diagn\u00f3stico, para escolher melhor o soro antiof\u00eddico a ser aplicado no paciente.<\/p>\n<\/div>\n<\/div>\n<p data-track-category=\"Link no Texto\" data-track-links=\"\">\n<p data-track-category=\"Link no Texto\" data-track-links=\"\">\n<p data-track-category=\"Link no Texto\" data-track-links=\"\">\n<p class=\"content-publication-data__from\" title=\"Suelen Alencar, g1 MT\">Por Suelen Alencar, g1 MT<\/p>\n","protected":false},"excerpt":{"rendered":"<p>Uma menina de 8 anos morreu nesta quinta-feira (18) ap\u00f3s ser picada por uma cobra da esp\u00e9cie jararaca, num s\u00edtio na zona rural a de Colniza, a km de Cuiab\u00e1. Melissa de Oliveira Gud\u00ea foi socorrida e internada no hospital da cidade, onde faleceu. Segundo a dire\u00e7\u00e3o do hospital, a crian\u00e7a estava junto com o [&hellip;]<\/p>\n","protected":false},"author":5,"featured_media":190879,"comment_status":"closed","ping_status":"closed","sticky":false,"template":"","format":"standard","meta":{"footnotes":""},"categories":[38],"tags":[],"class_list":["post-190878","post","type-post","status-publish","format-standard","has-post-thumbnail","hentry","category-policia"],"_links":{"self":[{"href":"https:\/\/www.ocorreionews.com.br\/acervo-correio\/index.php?rest_route=\/wp\/v2\/posts\/190878","targetHints":{"allow":["GET"]}}],"collection":[{"href":"https:\/\/www.ocorreionews.com.br\/acervo-correio\/index.php?rest_route=\/wp\/v2\/posts"}],"about":[{"href":"https:\/\/www.ocorreionews.com.br\/acervo-correio\/index.php?rest_route=\/wp\/v2\/types\/post"}],"author":[{"embeddable":true,"href":"https:\/\/www.ocorreionews.com.br\/acervo-correio\/index.php?rest_route=\/wp\/v2\/users\/5"}],"replies":[{"embeddable":true,"href":"https:\/\/www.ocorreionews.com.br\/acervo-correio\/index.php?rest_route=%2Fwp%2Fv2%2Fcomments&post=190878"}],"version-history":[{"count":1,"href":"https:\/\/www.ocorreionews.com.br\/acervo-correio\/index.php?rest_route=\/wp\/v2\/posts\/190878\/revisions"}],"predecessor-version":[{"id":190880,"href":"https:\/\/www.ocorreionews.com.br\/acervo-correio\/index.php?rest_route=\/wp\/v2\/posts\/190878\/revisions\/190880"}],"wp:featuredmedia":[{"embeddable":true,"href":"https:\/\/www.ocorreionews.com.br\/acervo-correio\/index.php?rest_route=\/wp\/v2\/media\/190879"}],"wp:attachment":[{"href":"https:\/\/www.ocorreionews.com.br\/acervo-correio\/index.php?rest_route=%2Fwp%2Fv2%2Fmedia&parent=190878"}],"wp:term":[{"taxonomy":"category","embeddable":true,"href":"https:\/\/www.ocorreionews.com.br\/acervo-correio\/index.php?rest_route=%2Fwp%2Fv2%2Fcategories&post=190878"},{"taxonomy":"post_tag","embeddable":true,"href":"https:\/\/www.ocorreionews.com.br\/acervo-correio\/index.php?rest_route=%2Fwp%2Fv2%2Ftags&post=190878"}],"curies":[{"name":"wp","href":"https:\/\/api.w.org\/{rel}","templated":true}]}}