{"id":19201,"date":"2016-01-22T13:49:12","date_gmt":"2016-01-22T16:49:12","guid":{"rendered":"https:\/\/ocorreionews.com.br\/?p=19201"},"modified":"2016-01-22T14:56:04","modified_gmt":"2016-01-22T17:56:04","slug":"paraiso-das-aguas-realizara-palestra-sobre-o-car-acontece-no-proximo-dia-27","status":"publish","type":"post","link":"https:\/\/www.ocorreionews.com.br\/acervo-correio\/?p=19201","title":{"rendered":"Para\u00edso das \u00c1guas realizara no pr\u00f3ximo dia 27 palestra sobre o CAR"},"content":{"rendered":"<p>A Prefeitura Municipal de Para\u00edso das \u00c1guas, atrav\u00e9s da Secretaria Municipal de Planejamento e Fomento ao Desenvolvimento e IMASUL- Instituto de Meio Ambiente de Mato Grosso do Sul estar\u00e1 realizando no pr\u00f3ximo dia 27 de janeiro a partir das 14 horas na C\u00e2mara Municipal uma palestra sobre o Cadastro Ambiental Rural- CAR- MS.<\/p>\n<p>A palestra ser\u00e1 ministrada pelos t\u00e9cnicos do IMASUL \u00a0e ser\u00e3o abordados temas sobre a obrigatoriedade do CAR e seus benef\u00edcios. Na ocasi\u00e3o, ser\u00e3o esclarecidas as d\u00favidas sobre o cadastramento.<\/p>\n<p>O CAR \u00e9 um registro eletr\u00f4nico obrigat\u00f3rio para todos os im\u00f3veis rurais e, \u00a0tem por finalidade integrar as informa\u00e7\u00f5es ambientais referentes \u00e0 situa\u00e7\u00e3o das \u00c1reas de Preserva\u00e7\u00e3o Permanente-APP, das \u00e1reas de Reserva Legal, dos remanescentes de vegeta\u00e7\u00e3o nativa, das \u00c1reas de Uso Restrito e das \u00e1reas consolidadas das propriedades e posses rurais do pa\u00eds.<\/p>\n<p>O CAR foi criado no \u00e2mbito do Sistema Nacional de Informa\u00e7\u00f5es sobre Meio Ambiente, pela Lei n\u00famero 12.651\/2012 e \u00e9 composto de dados \u00a0estrat\u00e9gicos para o controle, monitoramento e combate ao desmatamento das florestas e demais formas de vegeta\u00e7\u00e3o que s\u00e3o nativas do Brasil, bem como para planejamento ambiental e econ\u00f4mico dos im\u00f3veis rurais.<\/p>\n<p>\u00c9 importante lembrar que o prazo final para o Cadastramento Ambiental Rural \u00e9 at\u00e9 o m\u00eas de maio de 2016<\/p>\n<p>A palestra \u00e9 gratuita e os interessados podem entrar em contato pelo telefone: 98502911<\/p>\n<p>&nbsp;<\/p>\n<p>ASSECOM- Prefeitura Municipal de Para\u00edso das \u00c1guas- MS<\/p>\n<p>&nbsp;<\/p>\n<p>&nbsp;<\/p>\n<p>Texto: Daniela Loss\u00e1vero<\/p>\n","protected":false},"excerpt":{"rendered":"<p>A Prefeitura Municipal de Para\u00edso das \u00c1guas, atrav\u00e9s da Secretaria Municipal de Planejamento e Fomento ao Desenvolvimento e IMASUL- Instituto de Meio Ambiente de Mato Grosso do Sul estar\u00e1 realizando no pr\u00f3ximo dia 27 de janeiro a partir das 14 horas na C\u00e2mara Municipal uma palestra sobre o Cadastro Ambiental Rural- CAR- MS. A palestra [&hellip;]<\/p>\n","protected":false},"author":4,"featured_media":19202,"comment_status":"closed","ping_status":"closed","sticky":false,"template":"","format":"standard","meta":{"footnotes":""},"categories":[36],"tags":[],"class_list":["post-19201","post","type-post","status-publish","format-standard","has-post-thumbnail","hentry","category-paraiso-das-aguas"],"_links":{"self":[{"href":"https:\/\/www.ocorreionews.com.br\/acervo-correio\/index.php?rest_route=\/wp\/v2\/posts\/19201","targetHints":{"allow":["GET"]}}],"collection":[{"href":"https:\/\/www.ocorreionews.com.br\/acervo-correio\/index.php?rest_route=\/wp\/v2\/posts"}],"about":[{"href":"https:\/\/www.ocorreionews.com.br\/acervo-correio\/index.php?rest_route=\/wp\/v2\/types\/post"}],"author":[{"embeddable":true,"href":"https:\/\/www.ocorreionews.com.br\/acervo-correio\/index.php?rest_route=\/wp\/v2\/users\/4"}],"replies":[{"embeddable":true,"href":"https:\/\/www.ocorreionews.com.br\/acervo-correio\/index.php?rest_route=%2Fwp%2Fv2%2Fcomments&post=19201"}],"version-history":[{"count":0,"href":"https:\/\/www.ocorreionews.com.br\/acervo-correio\/index.php?rest_route=\/wp\/v2\/posts\/19201\/revisions"}],"wp:featuredmedia":[{"embeddable":true,"href":"https:\/\/www.ocorreionews.com.br\/acervo-correio\/index.php?rest_route=\/wp\/v2\/media\/19202"}],"wp:attachment":[{"href":"https:\/\/www.ocorreionews.com.br\/acervo-correio\/index.php?rest_route=%2Fwp%2Fv2%2Fmedia&parent=19201"}],"wp:term":[{"taxonomy":"category","embeddable":true,"href":"https:\/\/www.ocorreionews.com.br\/acervo-correio\/index.php?rest_route=%2Fwp%2Fv2%2Fcategories&post=19201"},{"taxonomy":"post_tag","embeddable":true,"href":"https:\/\/www.ocorreionews.com.br\/acervo-correio\/index.php?rest_route=%2Fwp%2Fv2%2Ftags&post=19201"}],"curies":[{"name":"wp","href":"https:\/\/api.w.org\/{rel}","templated":true}]}}