{"id":19391,"date":"2016-01-25T07:17:41","date_gmt":"2016-01-25T10:17:41","guid":{"rendered":"https:\/\/ocorreionews.com.br\/?p=19391"},"modified":"2016-01-25T07:20:40","modified_gmt":"2016-01-25T10:20:40","slug":"bispo-diocesano-da-posse-ao-novo-padre-maurilio-na-paroquia-sao-pedro-de-chapadao-do-sul","status":"publish","type":"post","link":"https:\/\/www.ocorreionews.com.br\/acervo-correio\/?p=19391","title":{"rendered":"Bispo Diocesano d\u00e1 posse ao novo Padre Maurilio na Par\u00f3quia S\u00e3o Pedro de  Chapad\u00e3o do Sul"},"content":{"rendered":"<p style=\"text-align: justify;\">A Par\u00f3quia de S\u00e3o Pedro de Chapad\u00e3o do Sul tem um novo p\u00e1roco. Assumiu oficialmente a fun\u00e7\u00e3o na noite deste domingo (024) o padre Ant\u00f4nio Maurilio que estava na Par\u00f3quia S\u00e3o Jos\u00e9 de Cassil\u00e2ndia. Juntamente com ele, tamb\u00e9m tomou posse o Padre Marcilio, que passa ser o vig\u00e1rio do munic\u00edpio.<\/p>\n<p style=\"text-align: justify;\">A missa especial de posse, que aconteceu na Igreja Matriz, foi celebrada pelo Bispo Diocesano, Dom Jorge Luiz,\u00a0Com a Igreja lotada, muitos ficaram de p\u00e9, para conhecer o novo padre e ao mesmo tempo dar as boas-vindas ao religioso que assumiu a fun\u00e7\u00e3o formalmente somente neste domingo.<\/p>\n<h4 style=\"text-align: justify;\"><span style=\"color: #ff0000;\"><strong><a style=\"color: #ff0000;\" href=\"https:\/\/ocorreionews.com.br\/2016\/01\/25\/posse-do-novo-padre-antonio-maurilio-em-chapadao-do-sul\/\">VEJA A GALERIA DE FOTOS<\/a><\/strong><\/span><\/h4>\n<p style=\"text-align: justify;\">Na Celebra\u00e7\u00e3o, foram entregues ao P\u00e1roco os s\u00edmbolos do seu minist\u00e9rio: chave da Igreja e do sacr\u00e1rio, a estola roxa e uma jarra com \u00e1gua.<\/p>\n<p style=\"text-align: justify;\">As pastorais da Par\u00f3quia entraram com alguns s\u00edmbolos, em sinal de acolhida do P\u00e1roco. Por fim, ao t\u00e9rmino da Missa, foi lida a ata de nomea\u00e7\u00e3o e, em especial, foi feita uma mensagem de acolhida pelos membros da Par\u00f3quia, os quais recepcionaram o novo P\u00e1roco com uma mensagem muito expressiva.<\/p>\n<figure id=\"attachment_19326\" aria-describedby=\"caption-attachment-19326\" style=\"width: 650px\" class=\"wp-caption alignnone\"><a href=\"https:\/\/ocorreionews.com.br\/wp-content\/uploads\/2016\/01\/DSC_5956.jpg\" rel=\"attachment wp-att-19326\"><img loading=\"lazy\" decoding=\"async\" class=\"wp-image-19326 size-full\" src=\"https:\/\/ocorreionews.com.br\/wp-content\/uploads\/2016\/01\/DSC_5956.jpg\" alt=\"\" width=\"650\" height=\"432\" srcset=\"https:\/\/www.ocorreionews.com.br\/acervo-correio\/wp-content\/uploads\/2016\/01\/DSC_5956.jpg 650w, https:\/\/www.ocorreionews.com.br\/acervo-correio\/wp-content\/uploads\/2016\/01\/DSC_5956-300x199.jpg 300w\" sizes=\"auto, (max-width: 650px) 100vw, 650px\" \/><\/a><figcaption id=\"caption-attachment-19326\" class=\"wp-caption-text\">Padre Maurilio (e) Bispo Dom Luiz e o Padre Marcilio.<\/figcaption><\/figure>\n<p style=\"text-align: justify;\">Entre as autoridades do munic\u00edpio, apenas o vereador e presidente do Legislativo, Al\u00edrio Bacca esteve presente na posse do novo P\u00e1roco Ant\u00f4nio Maur\u00edlio.<\/p>\n<p style=\"text-align: justify;\"><strong>Homenagem e muita emo\u00e7\u00e3o<br \/>\n<\/strong><\/p>\n<p style=\"text-align: justify;\">Mais de 30 membros da comunidade Cat\u00f3lica da Par\u00f3quia de S\u00e3o Jos\u00e9, do munic\u00edpio de Cassil\u00e2ndia, de onde veio o Padre Maur\u00edlio, vieram prestigiar a sua posse em Chapad\u00e3o do Sul . Relatam os cassilandenses, que a passagem do Padre Maur\u00edlio, na cidade, ressuscitou a comunidade cat\u00f3lica, que de forma expressiva voltaram a participar ativamente da vida em comunh\u00e3o na cidade. O momento foi de muita emo\u00e7\u00e3o, com uma despedida cheia de l\u00e1grimas.<\/p>\n","protected":false},"excerpt":{"rendered":"<p>A Par\u00f3quia de S\u00e3o Pedro de Chapad\u00e3o do Sul tem um novo p\u00e1roco. Assumiu oficialmente a fun\u00e7\u00e3o na noite deste domingo (024) o padre Ant\u00f4nio Maurilio que estava na Par\u00f3quia S\u00e3o Jos\u00e9 de Cassil\u00e2ndia. Juntamente com ele, tamb\u00e9m tomou posse o Padre Marcilio, que passa ser o vig\u00e1rio do munic\u00edpio. A missa especial de posse, [&hellip;]<\/p>\n","protected":false},"author":4,"featured_media":19298,"comment_status":"closed","ping_status":"closed","sticky":false,"template":"","format":"standard","meta":{"footnotes":""},"categories":[23],"tags":[],"class_list":["post-19391","post","type-post","status-publish","format-standard","has-post-thumbnail","hentry","category-chapadao-do-sul"],"_links":{"self":[{"href":"https:\/\/www.ocorreionews.com.br\/acervo-correio\/index.php?rest_route=\/wp\/v2\/posts\/19391","targetHints":{"allow":["GET"]}}],"collection":[{"href":"https:\/\/www.ocorreionews.com.br\/acervo-correio\/index.php?rest_route=\/wp\/v2\/posts"}],"about":[{"href":"https:\/\/www.ocorreionews.com.br\/acervo-correio\/index.php?rest_route=\/wp\/v2\/types\/post"}],"author":[{"embeddable":true,"href":"https:\/\/www.ocorreionews.com.br\/acervo-correio\/index.php?rest_route=\/wp\/v2\/users\/4"}],"replies":[{"embeddable":true,"href":"https:\/\/www.ocorreionews.com.br\/acervo-correio\/index.php?rest_route=%2Fwp%2Fv2%2Fcomments&post=19391"}],"version-history":[{"count":0,"href":"https:\/\/www.ocorreionews.com.br\/acervo-correio\/index.php?rest_route=\/wp\/v2\/posts\/19391\/revisions"}],"wp:featuredmedia":[{"embeddable":true,"href":"https:\/\/www.ocorreionews.com.br\/acervo-correio\/index.php?rest_route=\/wp\/v2\/media\/19298"}],"wp:attachment":[{"href":"https:\/\/www.ocorreionews.com.br\/acervo-correio\/index.php?rest_route=%2Fwp%2Fv2%2Fmedia&parent=19391"}],"wp:term":[{"taxonomy":"category","embeddable":true,"href":"https:\/\/www.ocorreionews.com.br\/acervo-correio\/index.php?rest_route=%2Fwp%2Fv2%2Fcategories&post=19391"},{"taxonomy":"post_tag","embeddable":true,"href":"https:\/\/www.ocorreionews.com.br\/acervo-correio\/index.php?rest_route=%2Fwp%2Fv2%2Ftags&post=19391"}],"curies":[{"name":"wp","href":"https:\/\/api.w.org\/{rel}","templated":true}]}}