{"id":19398,"date":"2016-01-25T08:26:46","date_gmt":"2016-01-25T11:26:46","guid":{"rendered":"https:\/\/ocorreionews.com.br\/?p=19398"},"modified":"2016-01-25T08:32:53","modified_gmt":"2016-01-25T11:32:53","slug":"sindicato-rural-confirma-pedro-paulo-alex-na-24-exposul","status":"publish","type":"post","link":"https:\/\/www.ocorreionews.com.br\/acervo-correio\/?p=19398","title":{"rendered":"Sindicato Rural confirma Pedro Paulo &#038; Alex na 24\u00b0 Exposul"},"content":{"rendered":"<p><a href=\"https:\/\/ocorreionews.com.br\/wp-content\/uploads\/2016\/01\/Pedro-Paulo-e-Alex-1.jpg\" rel=\"attachment wp-att-19401\"><img loading=\"lazy\" decoding=\"async\" class=\"size-medium wp-image-19401 alignleft\" src=\"https:\/\/ocorreionews.com.br\/wp-content\/uploads\/2016\/01\/Pedro-Paulo-e-Alex-1-300x300.jpg\" alt=\"Pedro Paulo e Alex\" width=\"300\" height=\"300\" srcset=\"https:\/\/www.ocorreionews.com.br\/acervo-correio\/wp-content\/uploads\/2016\/01\/Pedro-Paulo-e-Alex-1-300x300.jpg 300w, https:\/\/www.ocorreionews.com.br\/acervo-correio\/wp-content\/uploads\/2016\/01\/Pedro-Paulo-e-Alex-1-150x150.jpg 150w, https:\/\/www.ocorreionews.com.br\/acervo-correio\/wp-content\/uploads\/2016\/01\/Pedro-Paulo-e-Alex-1-768x768.jpg 768w, https:\/\/www.ocorreionews.com.br\/acervo-correio\/wp-content\/uploads\/2016\/01\/Pedro-Paulo-e-Alex-1.jpg 960w\" sizes=\"auto, (max-width: 300px) 100vw, 300px\" \/><\/a>O presidente do Sindicato Rural de Chapad\u00e3o do Sul Rudimar Borgelt anunciou o primeiro show para 24\u00b0 Exposul que vai acontecer nos dia 01 a 05 de junho de 2016 a dupla Pedro Paulo &amp; Alex.<\/p>\n<p>Pedro Paulo &amp; Alex se apresentar\u00e1 no dia 02 de junho (quinta-feira).<\/p>\n<p>Nos pr\u00f3ximos dias Rudimar estar\u00e1 anunciando os pr\u00f3ximos shows da 24\u00b0 Exposul.<\/p>\n","protected":false},"excerpt":{"rendered":"<p>O presidente do Sindicato Rural de Chapad\u00e3o do Sul Rudimar Borgelt anunciou o primeiro show para 24\u00b0 Exposul que vai acontecer nos dia 01 a 05 de junho de 2016 a dupla Pedro Paulo &amp; Alex. Pedro Paulo &amp; Alex se apresentar\u00e1 no dia 02 de junho (quinta-feira). Nos pr\u00f3ximos dias Rudimar estar\u00e1 anunciando os [&hellip;]<\/p>\n","protected":false},"author":4,"featured_media":19404,"comment_status":"closed","ping_status":"closed","sticky":false,"template":"","format":"standard","meta":{"footnotes":""},"categories":[23],"tags":[],"class_list":["post-19398","post","type-post","status-publish","format-standard","has-post-thumbnail","hentry","category-chapadao-do-sul"],"_links":{"self":[{"href":"https:\/\/www.ocorreionews.com.br\/acervo-correio\/index.php?rest_route=\/wp\/v2\/posts\/19398","targetHints":{"allow":["GET"]}}],"collection":[{"href":"https:\/\/www.ocorreionews.com.br\/acervo-correio\/index.php?rest_route=\/wp\/v2\/posts"}],"about":[{"href":"https:\/\/www.ocorreionews.com.br\/acervo-correio\/index.php?rest_route=\/wp\/v2\/types\/post"}],"author":[{"embeddable":true,"href":"https:\/\/www.ocorreionews.com.br\/acervo-correio\/index.php?rest_route=\/wp\/v2\/users\/4"}],"replies":[{"embeddable":true,"href":"https:\/\/www.ocorreionews.com.br\/acervo-correio\/index.php?rest_route=%2Fwp%2Fv2%2Fcomments&post=19398"}],"version-history":[{"count":0,"href":"https:\/\/www.ocorreionews.com.br\/acervo-correio\/index.php?rest_route=\/wp\/v2\/posts\/19398\/revisions"}],"wp:featuredmedia":[{"embeddable":true,"href":"https:\/\/www.ocorreionews.com.br\/acervo-correio\/index.php?rest_route=\/wp\/v2\/media\/19404"}],"wp:attachment":[{"href":"https:\/\/www.ocorreionews.com.br\/acervo-correio\/index.php?rest_route=%2Fwp%2Fv2%2Fmedia&parent=19398"}],"wp:term":[{"taxonomy":"category","embeddable":true,"href":"https:\/\/www.ocorreionews.com.br\/acervo-correio\/index.php?rest_route=%2Fwp%2Fv2%2Fcategories&post=19398"},{"taxonomy":"post_tag","embeddable":true,"href":"https:\/\/www.ocorreionews.com.br\/acervo-correio\/index.php?rest_route=%2Fwp%2Fv2%2Ftags&post=19398"}],"curies":[{"name":"wp","href":"https:\/\/api.w.org\/{rel}","templated":true}]}}