{"id":19408,"date":"2016-01-25T08:55:53","date_gmt":"2016-01-25T11:55:53","guid":{"rendered":"https:\/\/ocorreionews.com.br\/?p=19408"},"modified":"2016-01-25T08:56:17","modified_gmt":"2016-01-25T11:56:17","slug":"trabalhador-rural-morre-esfaqueado-e-esposa-fica-ferida-apos-briga-em-fazenda","status":"publish","type":"post","link":"https:\/\/www.ocorreionews.com.br\/acervo-correio\/?p=19408","title":{"rendered":"Trabalhador rural morre esfaqueado e esposa fica ferida ap\u00f3s briga em fazenda"},"content":{"rendered":"<p>O trabalhador rural Marcelo Carvalho da Silva, de 20 anos, morreu e a esposa dele M.S.V de 16 anos, ficou gravemente ferida na noite deste domingo (24), ap\u00f3s serem esfaqueados durante uma briga na fazenda onde trabalham, localizada na regi\u00e3o do Jauru, no munic\u00edpio de Figueir\u00e3o.<\/p>\n<p>Segundo testemunhas, o casal ingeria bebida alco\u00f3lica junto com Odair de Paula, de 37 anos, que tamb\u00e9m trabalha na fazenda, quando houve um desentendimento entre ele e Marcelo, por\u00e9m cada um seguiu para seu alojamento.<\/p>\n<div class=\"imagem_noticia right img300_225\">\n<figure style=\"width: 800px\" class=\"wp-caption alignnone\"><a href=\"http:\/\/edicaoms.com.br\/uploads\/images\/noticias\/0bf569de046153f7fbdee5d6bac6a7cc.jpg\" data-lightbox=\"example-2\" data-title=\"Marcelo foi atingido no tor\u00e1x e morreu ap\u00f3s dar entrada no hospital em Coxim (Foto: Angela Bezerra)\"><img loading=\"lazy\" decoding=\"async\" src=\"http:\/\/edicaoms.com.br\/uploads\/images\/noticias\/0bf569de046153f7fbdee5d6bac6a7cc.jpg\" alt=\"\" width=\"800\" height=\"526\" \/><\/a><figcaption class=\"wp-caption-text\">Marcelo foi atingido no tor\u00e1x e morreu ap\u00f3s dar entrada no hospital em Coxim (Foto: Angela Bezerra)<\/figcaption><\/figure>\n<div class=\"foto_legenda\"><\/div>\n<\/div>\n<p>Descontrolado, Odair pegou uma faca, foi at\u00e9 o alojamento de Marcelo e o esfaqueou no t\u00f3rax. A adolescente tentou defender o marido e teve o dedo indicador da m\u00e3o direita dilacerado pela faca.<\/p>\n<p>Sangrando muito, o casal foi socorrido pelo filho do capataz e trazido de caminhonete at\u00e9 BR-359, onde encontraram com o Corpo de Bombeiros e SAMU (Servi\u00e7o de Atendimento M\u00f3vel de Urg\u00eancia), que j\u00e1 seguia de encontro para o resgate.<\/p>\n<p>Marcelo n\u00e3o resistiu e morreu assim que deu entrada no Hospital Regional \u00c1lvaro Fontoura em Coxim. J\u00e1 a esposa dele segue internada e est\u00e1 fora de perigo.<\/p>\n<p>Odair tentou fugir de trator, mas foi preso ainda na fazenda pela Pol\u00edcia Militar de Figueir\u00e3o e provavelmente ser\u00e1 encaminhado para a Delegacia de Pol\u00edcia Civil de Camapu\u00e3.<\/p>\n<div class=\"imagem_noticia center img640_480\">\n<figure style=\"width: 800px\" class=\"wp-caption alignnone\"><a href=\"http:\/\/edicaoms.com.br\/uploads\/images\/noticias\/a745f24d612e12f3193a16d12555fb5a.jpg\" data-lightbox=\"example-2\" data-title=\"A adolescente tentou ajudar o marido e acabou sendo esfaqueada na m\u00e3o (Foto: Angela Bezerra)\"><img loading=\"lazy\" decoding=\"async\" src=\"http:\/\/edicaoms.com.br\/uploads\/images\/noticias\/a745f24d612e12f3193a16d12555fb5a.jpg\" alt=\"\" width=\"800\" height=\"492\" \/><\/a><figcaption class=\"wp-caption-text\">A adolescente tentou ajudar o marido e acabou sendo esfaqueada na m\u00e3o (Foto: Angela Bezerra)<\/figcaption><\/figure>\n<\/div>\n<div class=\"foto_legenda\"><\/div>\n<div class=\"foto_legenda\"><\/div>\n<div class=\"foto_legenda\"><\/div>\n<div class=\"foto_legenda\">Edi\u00e7\u00e3o de Noticias<\/div>\n","protected":false},"excerpt":{"rendered":"<p>O trabalhador rural Marcelo Carvalho da Silva, de 20 anos, morreu e a esposa dele M.S.V de 16 anos, ficou gravemente ferida na noite deste domingo (24), ap\u00f3s serem esfaqueados durante uma briga na fazenda onde trabalham, localizada na regi\u00e3o do Jauru, no munic\u00edpio de Figueir\u00e3o. Segundo testemunhas, o casal ingeria bebida alco\u00f3lica junto com [&hellip;]<\/p>\n","protected":false},"author":4,"featured_media":19409,"comment_status":"closed","ping_status":"closed","sticky":false,"template":"","format":"standard","meta":{"footnotes":""},"categories":[30,38],"tags":[],"class_list":["post-19408","post","type-post","status-publish","format-standard","has-post-thumbnail","hentry","category-figueirao","category-policia"],"_links":{"self":[{"href":"https:\/\/www.ocorreionews.com.br\/acervo-correio\/index.php?rest_route=\/wp\/v2\/posts\/19408","targetHints":{"allow":["GET"]}}],"collection":[{"href":"https:\/\/www.ocorreionews.com.br\/acervo-correio\/index.php?rest_route=\/wp\/v2\/posts"}],"about":[{"href":"https:\/\/www.ocorreionews.com.br\/acervo-correio\/index.php?rest_route=\/wp\/v2\/types\/post"}],"author":[{"embeddable":true,"href":"https:\/\/www.ocorreionews.com.br\/acervo-correio\/index.php?rest_route=\/wp\/v2\/users\/4"}],"replies":[{"embeddable":true,"href":"https:\/\/www.ocorreionews.com.br\/acervo-correio\/index.php?rest_route=%2Fwp%2Fv2%2Fcomments&post=19408"}],"version-history":[{"count":0,"href":"https:\/\/www.ocorreionews.com.br\/acervo-correio\/index.php?rest_route=\/wp\/v2\/posts\/19408\/revisions"}],"wp:featuredmedia":[{"embeddable":true,"href":"https:\/\/www.ocorreionews.com.br\/acervo-correio\/index.php?rest_route=\/wp\/v2\/media\/19409"}],"wp:attachment":[{"href":"https:\/\/www.ocorreionews.com.br\/acervo-correio\/index.php?rest_route=%2Fwp%2Fv2%2Fmedia&parent=19408"}],"wp:term":[{"taxonomy":"category","embeddable":true,"href":"https:\/\/www.ocorreionews.com.br\/acervo-correio\/index.php?rest_route=%2Fwp%2Fv2%2Fcategories&post=19408"},{"taxonomy":"post_tag","embeddable":true,"href":"https:\/\/www.ocorreionews.com.br\/acervo-correio\/index.php?rest_route=%2Fwp%2Fv2%2Ftags&post=19408"}],"curies":[{"name":"wp","href":"https:\/\/api.w.org\/{rel}","templated":true}]}}