{"id":19427,"date":"2016-01-25T13:21:56","date_gmt":"2016-01-25T16:21:56","guid":{"rendered":"https:\/\/ocorreionews.com.br\/?p=19427"},"modified":"2016-01-25T13:30:55","modified_gmt":"2016-01-25T16:30:55","slug":"indio-e-morto-a-facadas-por-colega-de-trabalho-em-fazenda-de-paraiso-das-aguas","status":"publish","type":"post","link":"https:\/\/www.ocorreionews.com.br\/acervo-correio\/?p=19427","title":{"rendered":"\u00cdndio \u00e9 morto \u00e0 facadas por colega de trabalho em fazenda de Para\u00edso das \u00c1guas"},"content":{"rendered":"<p style=\"text-align: justify;\"><span style=\"font-family: helvetica; font-size: small;\">Carlinhos Mendes Quevedo, 43 anos, natural da tribo Kaiow\u00e1 de Caarap\u00f3 (MS), foi assassinado com golpes de faca na noite deste domingo(24), por volta das 19h, em uma propriedade rural \u00e0 65 km de Para\u00edso das \u00c1guas (MS).\u00a0<\/span><\/p>\n<div style=\"text-align: justify;\"><span style=\"font-family: helvetica; font-size: small;\"><br \/>\n<\/span><\/p>\n<div><span style=\"font-family: helvetica; font-size: small;\">De acordo com informa\u00e7\u00f5es da Pol\u00edcia Civil, Carlinhos teria ingerido bebida\u00a0alco\u00f3lica\u00a0com demais colegas de trabalho, quando teria se alterado e partido em posse de um fac\u00e3o para cima do irm\u00e3o do autor do crime, A. R. S, 34 anos,\u00a0natural de Caarap\u00f3, momento em que A.R.S saiu em defesa de seu irm\u00e3o e veio a atingir Carlinhos com 13 golpes de faca, que atingiram o t\u00f3rax, as m\u00e3os e os ombros da vitima.<\/span><\/div>\n<\/div>\n<div style=\"text-align: justify;\"><span style=\"font-family: helvetica; font-size: small;\">\u00a0<\/span><\/div>\n<div style=\"text-align: justify;\"><span style=\"font-family: helvetica; font-size: small;\">Cerca de quatro testemunhas acompanharam o crime e j\u00e1 est\u00e3o sendo ouvidos pela pol\u00edcia. Em dilig\u00eancia, os policiais civis de Para\u00edso das \u00c1guas conseguiram localizar A.R.S escondido em meio a mata pr\u00f3ximo ao local do crime.<\/span><\/div>\n<div style=\"text-align: justify;\"><img decoding=\"async\" src=\"http:\/\/i.imgur.com\/nSbLBxX.jpg\" alt=\"\" width=\"600\" \/><\/div>\n<div style=\"text-align: justify;\"><span style=\"font-family: helvetica; font-size: small;\">A per\u00edcia de\u00a0Parana\u00edba(MS) esteve no local e por volta das 08h da manh\u00e3 desta segunda-feira(25), liberou o corpo para a Funer\u00e1ria Britopax para o Instituto M\u00e9dico Odontol\u00f3gico &#8211; IMOL de Parana\u00edba, logo em seguida, o corpo ser\u00e1 preparado em Para\u00edso das \u00c1gua e transladado para a cidade de Navira\u00ed (MS), onde reside sua esposa e filhos.<\/span><\/div>\n<div style=\"text-align: justify;\"><span style=\"font-family: helvetica; font-size: small;\">\u00a0<\/span><\/div>\n<div style=\"text-align: justify;\"><span style=\"font-family: helvetica; font-size: small;\">Vale ressaltar novamente a r\u00e1pida atua\u00e7\u00e3o da equipe de Pol\u00edcia Civil de Para\u00edso das \u00c1guas, pela opera\u00e7\u00e3o que resultou na pris\u00e3o deste autor do\u00a0homic\u00eddio. Os dois \u00faltimos\u00a0homic\u00eddios ocorridos no munic\u00edpio ap\u00f3s a implanta\u00e7\u00e3o da Pol\u00edcia Civil, os casos foram sanados e conclu\u00eddos em menos de 24 horas.\u00a0<\/span><\/div>\n<div style=\"text-align: justify;\"><span style=\"font-family: helvetica; font-size: small;\">\u00a0<\/span><\/div>\n<div style=\"text-align: justify;\"><img decoding=\"async\" src=\"http:\/\/i.imgur.com\/qYecKsi.jpg\" alt=\"\" width=\"600\" \/><\/div>\n<p style=\"text-align: justify;\">\n<p style=\"text-align: justify;\">\n<p style=\"text-align: justify;\">\n<p style=\"text-align: justify;\">Brito News<\/p>\n","protected":false},"excerpt":{"rendered":"<p>Carlinhos Mendes Quevedo, 43 anos, natural da tribo Kaiow\u00e1 de Caarap\u00f3 (MS), foi assassinado com golpes de faca na noite deste domingo(24), por volta das 19h, em uma propriedade rural \u00e0 65 km de Para\u00edso das \u00c1guas (MS).\u00a0 De acordo com informa\u00e7\u00f5es da Pol\u00edcia Civil, Carlinhos teria ingerido bebida\u00a0alco\u00f3lica\u00a0com demais colegas de trabalho, quando teria [&hellip;]<\/p>\n","protected":false},"author":4,"featured_media":19428,"comment_status":"closed","ping_status":"closed","sticky":false,"template":"","format":"standard","meta":{"footnotes":""},"categories":[36,38],"tags":[],"class_list":["post-19427","post","type-post","status-publish","format-standard","has-post-thumbnail","hentry","category-paraiso-das-aguas","category-policia"],"_links":{"self":[{"href":"https:\/\/www.ocorreionews.com.br\/acervo-correio\/index.php?rest_route=\/wp\/v2\/posts\/19427","targetHints":{"allow":["GET"]}}],"collection":[{"href":"https:\/\/www.ocorreionews.com.br\/acervo-correio\/index.php?rest_route=\/wp\/v2\/posts"}],"about":[{"href":"https:\/\/www.ocorreionews.com.br\/acervo-correio\/index.php?rest_route=\/wp\/v2\/types\/post"}],"author":[{"embeddable":true,"href":"https:\/\/www.ocorreionews.com.br\/acervo-correio\/index.php?rest_route=\/wp\/v2\/users\/4"}],"replies":[{"embeddable":true,"href":"https:\/\/www.ocorreionews.com.br\/acervo-correio\/index.php?rest_route=%2Fwp%2Fv2%2Fcomments&post=19427"}],"version-history":[{"count":0,"href":"https:\/\/www.ocorreionews.com.br\/acervo-correio\/index.php?rest_route=\/wp\/v2\/posts\/19427\/revisions"}],"wp:featuredmedia":[{"embeddable":true,"href":"https:\/\/www.ocorreionews.com.br\/acervo-correio\/index.php?rest_route=\/wp\/v2\/media\/19428"}],"wp:attachment":[{"href":"https:\/\/www.ocorreionews.com.br\/acervo-correio\/index.php?rest_route=%2Fwp%2Fv2%2Fmedia&parent=19427"}],"wp:term":[{"taxonomy":"category","embeddable":true,"href":"https:\/\/www.ocorreionews.com.br\/acervo-correio\/index.php?rest_route=%2Fwp%2Fv2%2Fcategories&post=19427"},{"taxonomy":"post_tag","embeddable":true,"href":"https:\/\/www.ocorreionews.com.br\/acervo-correio\/index.php?rest_route=%2Fwp%2Fv2%2Ftags&post=19427"}],"curies":[{"name":"wp","href":"https:\/\/api.w.org\/{rel}","templated":true}]}}