{"id":194382,"date":"2021-12-28T07:28:38","date_gmt":"2021-12-28T11:28:38","guid":{"rendered":"https:\/\/www.ocorreionews.com.br\/acervo-correio\/?p=194382"},"modified":"2021-12-28T07:28:38","modified_gmt":"2021-12-28T11:28:38","slug":"covid-19-saude-de-ms-autoriza-vacinar-criancas-sem-receita","status":"publish","type":"post","link":"https:\/\/www.ocorreionews.com.br\/acervo-correio\/?p=194382","title":{"rendered":"Covid-19: Sa\u00fade de MS autoriza vacinar crian\u00e7as sem receita"},"content":{"rendered":"<p>A SES (Secretaria Estadual de Sa\u00fade) autorizou a vacina\u00e7\u00e3o de crian\u00e7as de 5 a 11 anos de idade, acompanhadas de pais ou respons\u00e1veis, munidos de documenta\u00e7\u00e3o, sem a necessidade de exig\u00eancia de prescri\u00e7\u00e3o m\u00e9dica. Em Mato Grosso do Sul, 291.800 crian\u00e7as est\u00e3o aptas a receberem a vacina, que ser\u00e1 da Pfizer e que somente deve ocorrer quando for liberada pelo Minist\u00e9rio da Sa\u00fade.<\/p>\n<p>A libera\u00e7\u00e3o do Minist\u00e9rio da Sa\u00fade sobre a imuniza\u00e7\u00e3o infantil, que ainda n\u00e3o ocorreu e est\u00e1 condicionada \u00e0 audi\u00eancia p\u00fablica sobre o tema.<\/p>\n<div id=\"taboola-mid-article\" class=\"d-print-none my-3\"><\/div>\n<p>A Resolu\u00e7\u00e3o N\u00ba 287\/CIB\/SES foi aprovada em reuni\u00e3o extraordin\u00e1ria da CIB (Comiss\u00e3o Intergestores Bipartite), hoje, grupo que re\u00fane os 79 munic\u00edpios e t\u00e9cnicos estaduais de MS e ser\u00e1 publicada em Di\u00e1rio Oficial.<\/p>\n<p>Segundo secret\u00e1rio Estadual de Sa\u00fade, Geraldo Resende, todos os pontos de vacina\u00e7\u00e3o dever\u00e3o observar os grupos et\u00e1rios e o esquema vacinal aplic\u00e1vel no momento da administra\u00e7\u00e3o. Ser\u00e1 exigida documenta\u00e7\u00e3o oficial da crian\u00e7a para registrar a imuniza\u00e7\u00e3o. \u00a0Pais e respons\u00e1veis dever\u00e3o ter em m\u00e3os a carteira de vacina\u00e7\u00e3o, certid\u00e3o de nascimento ou documento de identidade da crian\u00e7a.<\/p>\n<p>A aplica\u00e7\u00e3o da vacina ainda n\u00e3o est\u00e1 autorizada pelo Minist\u00e9rio da Sa\u00fade, apenas pela Anvisa (Ag\u00eancia Nacional de Vigil\u00e2ncia Sanit\u00e1ria). \u201cSabemos que a vacina a ser utilizada ser\u00e1 a da Pfizer. Por\u00e9m, ter\u00e1 uma dosagem e composi\u00e7\u00e3o diferentes daquela que j\u00e1 \u00e9 utilizada para os maiores de 12 anos e que ser\u00e1 distribu\u00edda pelo Minist\u00e9rio da Sa\u00fade\u201d, disse o assessor militar da SES, Marcelo Frahia.<\/p>\n<p>Seguran\u00e7a \u00a0&#8211; A Anvisa aprovou o uso da Comirnaty (Pfizer \/ BioNTech) em crian\u00e7as no dia 16 de dezembro. Desde ent\u00e3o, o governo federal vem tentando adiar a amplia\u00e7\u00e3o, com a abertura de consulta popular e a realiza\u00e7\u00e3o de uma audi\u00eancia p\u00fablica em janeiro.<\/p>\n<p>Pela Anvisa, foi definida que a formula\u00e7\u00e3o da vacina para crian\u00e7as ser\u00e1 aplicada em duas doses de 0,2 mL (equivalente a 10 microgramas, com pelo menos 21 dias de intervalo entre as doses.<\/p>\n<p>A tampa do frasco da vacina vir\u00e1 na cor laranja, para facilitar a identifica\u00e7\u00e3o pelas equipes de vacina\u00e7\u00e3o e tamb\u00e9m pelos pais, m\u00e3es e cuidadores que levar\u00e3o as crian\u00e7as para serem vacinadas. Para os maiores de 12 anos, a vacina ter\u00e1 tampa na cor roxa sendo aplicada em doses de 0,3 mL.<\/p>\n<p>Segundo o Minist\u00e9rio da Sa\u00fade, a vacina tamb\u00e9m tem esquema de conserva\u00e7\u00e3o diferente j\u00e1 que pode ficar por 10 semanas em temperatura de 2\u00ba a 8\u00baC. A chegada do imunizante aos postos depende do calend\u00e1rio e da log\u00edstica do (PNI\/MS) Programa Nacional de Imuniza\u00e7\u00f5es do Minist\u00e9rio da Sa\u00fade, que coordena a distribui\u00e7\u00e3o das vacinas por meio de programas p\u00fablicos no Brasil.<\/p>\n","protected":false},"excerpt":{"rendered":"<p>A SES (Secretaria Estadual de Sa\u00fade) autorizou a vacina\u00e7\u00e3o de crian\u00e7as de 5 a 11 anos de idade, acompanhadas de pais ou respons\u00e1veis, munidos de documenta\u00e7\u00e3o, sem a necessidade de exig\u00eancia de prescri\u00e7\u00e3o m\u00e9dica. Em Mato Grosso do Sul, 291.800 crian\u00e7as est\u00e3o aptas a receberem a vacina, que ser\u00e1 da Pfizer e que somente deve [&hellip;]<\/p>\n","protected":false},"author":4,"featured_media":194383,"comment_status":"closed","ping_status":"closed","sticky":false,"template":"","format":"standard","meta":{"footnotes":""},"categories":[39],"tags":[],"class_list":["post-194382","post","type-post","status-publish","format-standard","has-post-thumbnail","hentry","category-saude"],"_links":{"self":[{"href":"https:\/\/www.ocorreionews.com.br\/acervo-correio\/index.php?rest_route=\/wp\/v2\/posts\/194382","targetHints":{"allow":["GET"]}}],"collection":[{"href":"https:\/\/www.ocorreionews.com.br\/acervo-correio\/index.php?rest_route=\/wp\/v2\/posts"}],"about":[{"href":"https:\/\/www.ocorreionews.com.br\/acervo-correio\/index.php?rest_route=\/wp\/v2\/types\/post"}],"author":[{"embeddable":true,"href":"https:\/\/www.ocorreionews.com.br\/acervo-correio\/index.php?rest_route=\/wp\/v2\/users\/4"}],"replies":[{"embeddable":true,"href":"https:\/\/www.ocorreionews.com.br\/acervo-correio\/index.php?rest_route=%2Fwp%2Fv2%2Fcomments&post=194382"}],"version-history":[{"count":1,"href":"https:\/\/www.ocorreionews.com.br\/acervo-correio\/index.php?rest_route=\/wp\/v2\/posts\/194382\/revisions"}],"predecessor-version":[{"id":194385,"href":"https:\/\/www.ocorreionews.com.br\/acervo-correio\/index.php?rest_route=\/wp\/v2\/posts\/194382\/revisions\/194385"}],"wp:featuredmedia":[{"embeddable":true,"href":"https:\/\/www.ocorreionews.com.br\/acervo-correio\/index.php?rest_route=\/wp\/v2\/media\/194383"}],"wp:attachment":[{"href":"https:\/\/www.ocorreionews.com.br\/acervo-correio\/index.php?rest_route=%2Fwp%2Fv2%2Fmedia&parent=194382"}],"wp:term":[{"taxonomy":"category","embeddable":true,"href":"https:\/\/www.ocorreionews.com.br\/acervo-correio\/index.php?rest_route=%2Fwp%2Fv2%2Fcategories&post=194382"},{"taxonomy":"post_tag","embeddable":true,"href":"https:\/\/www.ocorreionews.com.br\/acervo-correio\/index.php?rest_route=%2Fwp%2Fv2%2Ftags&post=194382"}],"curies":[{"name":"wp","href":"https:\/\/api.w.org\/{rel}","templated":true}]}}