{"id":194388,"date":"2021-12-28T07:39:03","date_gmt":"2021-12-28T11:39:03","guid":{"rendered":"https:\/\/www.ocorreionews.com.br\/acervo-correio\/?p=194388"},"modified":"2021-12-28T07:39:03","modified_gmt":"2021-12-28T11:39:03","slug":"amplavisao-alckmin-o-perdedor-na-alianca-com-lula-desculpa-te-chamar-de-ladrao","status":"publish","type":"post","link":"https:\/\/www.ocorreionews.com.br\/acervo-correio\/?p=194388","title":{"rendered":"AMPLAVIS\u00c3O \u2013 Alckmin, o perdedor na alian\u00e7a com Lula? \u201cDesculpa te chamar de ladr\u00e3o\u201d!!!"},"content":{"rendered":"<p>LULA &amp; ALCKMIN: Alian\u00e7a pol\u00edtica deveria ser igual ao casamento ideal, isto \u00e9, as duas partes deveriam levar vantagens iguais. Mas diferentemente nos acordos pol\u00edticos, algu\u00e9m acaba perdendo. No caso \u00e9 o ex-governador de S\u00e3o Paulo que poder\u00e1 ser v\u00edtima desta estrat\u00e9gia ao sair do PSDB em dire\u00e7\u00e3o ao PSD, PSB ou ao Solidariedade.<\/p>\n<p>O GOLPE: Lula sabe que a candidatura de Alckmin pouco influencia ou ajuda al\u00e9m do territ\u00f3rio paulista, mas com isso quer tir\u00e1-lo da concorr\u00eancia ao Governo ou Senado paulista por outro partido, abrindo assim as portas para o PT viabilizar a candidatura de Fernando Haddad no Estado onde o PSDB reina absoluto h\u00e1 30 anos.<\/p>\n<p>DECORATIVO: Vigiado pela m\u00e1quina petista Alckmin teria pouco espa\u00e7o como vice presidente. Ali\u00e1s, antes de se decidir, ele deveria conversar com Michel Temer que passou por terr\u00edvel experi\u00eancia no Pal\u00e1cio do Planalto. Temer n\u00e3o era estilo Jos\u00e9 de Alencar que se contentava em massagear o ego com pouco em raras ocasi\u00f5es de nenhuma import\u00e2ncia.<\/p>\n<p>OPINI\u00d5ES: Lula n\u00e3o reparte o \u2018queijo\u2019. \u00c9 ele e ele! Alckmin deve repensar sobre as consequ\u00eancias de \u2018atravessar o Rubic\u00e3o\u2019. Presume-se que saiba da \u2018fun\u00e7\u00e3o\u2019 de vice em todos patamares da gest\u00e3o p\u00fablica. N\u00e3o desatar\u00e1 fita, n\u00e3o aparecer\u00e1 nas fotos e n\u00e3o ter\u00e1 futuro.Vice tem s\u00f3 expectativa de direito. Ser\u00e1 indicado para miss\u00f5es decorativas e ao final nomeado para um cargo de consola\u00e7\u00e3o.<\/p>\n<p>\u00c9 PENA! Lula e Alckmin s\u00f3 estar\u00e3o juntos por um motivo: combater Bolsonaro para tomar o poder. N\u00e3o h\u00e1 um projeto palp\u00e1vel, o que \u00e9 muito ruim para esse pa\u00eds. As diferen\u00e7as entre ambos s\u00e3o infinitamente superiores as identidades. Mas s\u00f3 o tempo ir\u00e1 mostrar se esse casamento de conveni\u00eancias \u00f3bvias ir\u00e1 ou n\u00e3o prosperar e beneficiar a popula\u00e7\u00e3o.<\/p>\n<p>PARLAMENTARES &amp; A\u00c7\u00d5ES: Paulo Corr\u00eaa (PSDB): Mais um ano dif\u00edcil. Com experi\u00eancia e sensibilidade cumpriu a parceria junto aos demais poderes e a sociedade organizada. Leva 10 com louvor. Z\u00e9 Teixeira (DEM): Responsabilidade e seriedade formam o bin\u00f4mio de sua atua\u00e7\u00e3o na Secretaria da Casa \u2013 preparada para receber 2022 ainda mais fortalecida. Lucas de Lima (Sol): Presidente da Comiss\u00e3o do Meio Ambiente viu premiado neste mes seus esfor\u00e7os com a san\u00e7\u00e3o da lei tornando os banhados dos rios Formoso e Prata em Bonito e Jardim como \u00e1reas de preserva\u00e7\u00e3o permanente. Capit\u00e3o Contar (PSL): O parlamentar com a certeza do dever cumprido. Neste ano apresentou 418 proposi\u00e7\u00f5es entre projetos de lei, requerimentos, of\u00edcios e indica\u00e7\u00f5es. Quantidade com qualidade. Mara Caseiro (PSDB): N\u00e3o lhe faltou disposi\u00e7\u00e3o para atender tamb\u00e9m os munic\u00edpios situados fora de sua regi\u00e3o. E mais: Levou de volta para a Assembleia o not\u00e1vel toque feminino. Formid\u00e1vel. Evander Vendramini (PP): Representou com garra a regi\u00e3o pantaneira, falando de perto com seus representantes e fazendo a liga\u00e7\u00e3o com os poderes constitu\u00eddos. Um parlamentar que se imp\u00f5e pela postura equilibrada.<\/p>\n<p>OPINI\u00d5ES: Para alguns observadores a alian\u00e7a Alckmin-Lula atropela o processo, obrigando as lideran\u00e7as de outras for\u00e7as e partidos divergentes a se posicionarem mais rapidamente. A preocupa\u00e7\u00e3o natural \u00e9 que parte do eleitorado \u2013 antes simp\u00e1tico \u00e0 terceira via \u2013 acabe optando por Lula, enfraquecendo assim essa alternativa nas urnas.<\/p>\n<p>CONFI\u00c1VEIS? A m\u00eddia vem dando destaque aos n\u00fameros de pesquisas onde o ex-presidente Lula (PT) tem desempenho crescente \u2013 enquanto Bolsonaro perde for\u00e7a em certos segmentos do eleitorado e regi\u00f5es do pa\u00eds. Mas olhando no retrovisor do \u00faltimo pleito presidencial h\u00e1 motivos para duvidar dos n\u00fameros e crit\u00e9rios dessas amostras. Como diz o cuiabano: \u201cT\u00f4 deconfiado\u201d.<\/p>\n<p>1-HIST\u00d3RIA: Osvaldo Possari (PSDB), vice prefeito de Campo Grande de Andr\u00e9 Puccinelli (MDB) sob o discurso de que sua vis\u00e3o empresarial seria de alta valia. S\u00f3 papo de palanque. Cansado de ficar no ostracismo, de se sentir in\u00fatil Possari limpou as gavetas de sua mesa antes do mandato terminar e foi cuidar de suas empresas. Dizem que Andr\u00e9 teria lhe incumbido de a\u00e7\u00f5es menores como administrar as pra\u00e7as e jardins. Mais um caso folcl\u00f3rico de vice.<\/p>\n<p>2-HIST\u00d3RIA: Em 04\/12\/1963, o senador Arnon de Mello atirou no seu colega de Alagoas Silvestre P\u00e9ricles, mas matou o senador Jos\u00e9 Kairala (39) do Acre que cumpria seu \u00faltimo dia substituindo o titular. Ali\u00e1s, m\u00e3e, mulher e o filho menor dele estavam presentes a tr\u00e1gica sess\u00e3o do Senado. Arnon e Silvestre foram inocentados e voltaram ao cargo. Arnom ainda foi reeleito duas vezes enquanto a vi\u00fava de Kairala obteve s\u00f3 uma m\u00edsera pens\u00e3o para custear os estudos do filho.<\/p>\n<p>QUASE REPRISE? Em 2009 o senador Pedro Simon ap\u00f3s discutir feio com seu colega Fernando Collor confessou publicamente: \u201c\u00c9 incr\u00edvel! Me veio a imagem do pai dele, que atirou no senador Kaiarala e o matou. O pai do Collor errou o tiro, mas ontem (parecia) que ele estava na minha frente, na minha reta (\u2026) E eu n\u00e3o falei nada demais dele, quando o vi entrar correndo, completamente transtornado\u201d.<\/p>\n<p>PARLAMENTARES EM A\u00c7\u00c3O: Mar\u00e7al Filho (PSDB): Propondo a Semana de Conscientiza\u00e7\u00e3o da Esquizofrenia demonstra sua sensibilidade para quest\u00f5es graves que passam ao largo da sociedade. Tem a\u00e7\u00f5es voltadas \u00e0 sa\u00fade e educa\u00e7\u00e3o. Jo\u00e3o H. Catan (PL): envolvido em quest\u00f5es ambientais e outras que dizem respeito a sociedade atual cumpriu bem seu mandato neste ano. Evander Vendramini (PP): membro da CCJR participou das 40 sess\u00f5es e como advogado de forma\u00e7\u00e3o relatou 5 mat\u00e9rias consideradas constitucionais; votou a favor e elogiou os projetos sociais do Governo apreciadas na Casa. Ant\u00f4nio Vaz (REP): Presidente da Comiss\u00e3o de Sa\u00fade, vigilante ao crescimento da 3\u00aa. onda pand\u00eamica (\u00f4micron) que assola o mundo e preocupa o pa\u00eds e nosso Estado. Promete n\u00e3o baixar a guarda no recesso. Gerson Claro (PP): pe\u00e7a importante no contexto do Governo; presidiu a CCJR apreciando 586 proposituras nas 40 sess\u00f5es anuais, al\u00e9m de ser o porta voz de v\u00e1rios munic\u00edpios junto ao Executivo. Amarildo Cruz (PT): Critico, mas de bom senso, a favor do di\u00e1logo em prol dos segmentos que representa \u2013 id\u00eanticos aos do seu antecessor Cabo Almi. Tem o respeito da Casa. Paulo Duarte (MDB): postura e a\u00e7\u00f5es acima das quest\u00f5es partid\u00e1rias e ideol\u00f3gicas. Neste pouco tempo j\u00e1 demonstrou que foi uma grande conquista do Legislativo.<\/p>\n<p>SUPOSI\u00c7\u00c3O: nem sempre combina com a realidade. A prefer\u00eancia do eleitorado, (pelo menos nas pesquisas do Instituto Ranking) de Rose Modesto (PSDB) ao Senado com 18,15% \u2013 contra a 16,20% da ministra Tereza Cristina (DEM) e s\u00f3 12,35% da senadora Simone Tebet (MDB) mostra a tend\u00eancia de 2 mil eleitores de 35 munic\u00edpios. Um aviso com sabor apimentado.<\/p>\n<p>DEBOCHE? Definido seu valor em Cr$5,7 bilh\u00f5es o Fundo Eleitoral provoca cr\u00edticas e discuss\u00f5es na sociedade. Os cr\u00edticos lembram das dificuldades financeiras em atacar v\u00e1rios problemas sociais, que seriam mais importantes do que as quest\u00f5es eleitorais. Mas<\/p>\n<p>com o fim das doa\u00e7\u00f5es das empresas \u00e0s campanhas (efeito da Lava Jato), a sa\u00edda foi essa para viabilizar as elei\u00e7\u00f5es. Quanto a origem do dinheiro \u2013 bem, essa \u00e9 outra hist\u00f3ria.<\/p>\n<p>MUITO OU POUCO? Critica-se o n\u00famero de nossos senadores e deputados federais, e vale comparar: It\u00e1lia: 630 deputados e 320 senadores; Alemanha: 709 da Assembleia Legislativa e 69 do Conselho Federal; Reino Unido: 650 na C\u00e2mara dos Representantes e 791 da C\u00e2mara dos Lordes; Jap\u00e3o 704; \u00cdndia 779 e China 2.980. Os \u2018States\u2019, \u00e9 a exce\u00e7\u00e3o: 325 milh\u00f5es de habitantes e o Congresso com 535 integrantes.<\/p>\n<p>CUSTO$: Temos o 2\u00ba Congresso mais caro do mundo, com US$7,4 milh\u00f5es anuais por cada parlamentar, atr\u00e1s apenas dos americanos: US$9 milh\u00f5es. A Argentina gasta US$1,9 milh\u00f5es, M\u00e9xico US$1,7 milh\u00f5es, Reino Unido US$360 mil, 20 vezes menos que o brasileiro); Fran\u00e7a e It\u00e1lia a penas US$1 milh\u00e3o, embora com n\u00famero maior de parlamentares.<\/p>\n<p>CASSEMS: Retrospectiva 2021: Lan\u00e7ado Servi\u00e7o de Transplante de Medula \u00d3ssea; adere for\u00e7a tarefa da Sesau contra Covid e abre ponto de vacina\u00e7\u00e3o; unidade da capital ganha Centro de Infus\u00e3o; Assembleia para presta\u00e7\u00e3o de contas; Drive-thru de vacina\u00e7\u00e3o funciona na sede do plano de sa\u00fade; no ar site de not\u00edcias; lan\u00e7ada obra da Cl\u00ednica de Hemodi\u00e1lise de Nova Andradina; Hospital da capital inaugura memorial \u00e0s v\u00edtimas de Covid-19; lan\u00e7ada a \u2018Rede Amo\u2019 com servi\u00e7o pr\u00f3prio em oncologia.<\/p>\n<p>A\u00c7\u00d5ES PARLAMENTARES: L\u00eddio Lopes (Patri): Um ano de atividade pol\u00edtica intensa. Percorreu o Estado para checar de perto seus problemas. De f\u00e1cil relacionamento e competente chegou a presid\u00eancia da UNALE. Orgulha Mato Grosso do Sul. Neno Razuk (PTB): Com simplicidade eficiente cumpriu mais um ano brilhante, envolvido em quest\u00f5es da sa\u00fade nos pequenos munic\u00edpios que representa. Uma figura agrad\u00e1vel. Pedro Kemp (PT): mais um ano em defesa das classes menos favorecidas e sempre envolvido principalmente nas quest\u00f5es da sa\u00fade, educa\u00e7\u00e3o e justi\u00e7a. Suas interven\u00e7\u00f5es s\u00e3o positivas. Jos\u00e9 C. Barbosa (DEM): participou de 40 sess\u00f5es da CCJR que analisou 586 proposi\u00e7\u00f5es em 2021. Tem macro vis\u00e3o dos desafios do Estado e not\u00f3rio saber jur\u00eddico das mat\u00e9rias atinentes a gest\u00e3o p\u00fablica. Bom n\u00edvel.<\/p>\n<p>LAMA ASFALTICA: A sociedade classifica como absurdas as consequ\u00eancias jur\u00eddicas das decis\u00f5es recentes que poder\u00e3o beneficiar cerca de 30 r\u00e9us e envolvidos no caso da Lama Asf\u00e1ltica. Tal qual na \u2018Lava Jato\u2019, as pessoas leigas no Direito \u2013 se baseiam no aspecto moral para julgar os pol\u00edticos e empres\u00e1rios. Mas nos dois casos h\u00e1 de se perguntar: quem ficou com o nosso dinheiro? O gato teria comido? O quadro causa revolta. O povo n\u00e3o \u00e9 idiota.<\/p>\n<p>SORRIA: Os argumentos no palanque, tanto de Lula como de Andr\u00e9 Puccinelli ser\u00e3o quais? At\u00e9 aqui ambos tem evitado de tocar no n\u00facleo das den\u00fancias. V\u00e3o tocar na ferida da corrup\u00e7\u00e3o ou v\u00e3o passar ao largo do caso? S\u00e3o dois aspectos distintos, mas com a justi\u00e7a sendo carente de credibilidade, perdendo de goleada para os sustent\u00e1culos da moral.<\/p>\n<p class=\"has-text-align-center\"><strong>PILULAS DIGITAIS:<\/strong><\/p>\n<p>Pode parecer comum, mas aqui desejo aos leitores um Feliz Natal e bom 2022.<\/p>\n<p>Na internet: Ackmin \u2013 \u201cDesculpa eu te chamar de ladr\u00e3o\u201d. Lula \u2013 \u201cSem problema, chuchu\u201d.<\/p>\n<p>Hoje me deu uma saudade de um tempo que eu sentia saudade. (Carlos Castelo)<\/p>\n<p>Quem n\u00e3o foge a tempo n\u00e3o ensina estrat\u00e9gia. ( Mill\u00f4r Fernandes)<\/p>\n<p>A \u00fanica coisa coletiva no mundo de hoje \u00e9 o individualismo. (Carlos Castelo)<\/p>\n<p>Responda depressa: os melhores presentes de Natal voc\u00ea d\u00e1 por generosidade ou por conformismo? (Mill\u00f4r Fernandes)<\/p>\n<p>N\u00e3o adianta reclamar: o rel\u00f3gio n\u00e3o para!<\/p>\n","protected":false},"excerpt":{"rendered":"<p>LULA &amp; ALCKMIN: Alian\u00e7a pol\u00edtica deveria ser igual ao casamento ideal, isto \u00e9, as duas partes deveriam levar vantagens iguais. Mas diferentemente nos acordos pol\u00edticos, algu\u00e9m acaba perdendo. No caso \u00e9 o ex-governador de S\u00e3o Paulo que poder\u00e1 ser v\u00edtima desta estrat\u00e9gia ao sair do PSDB em dire\u00e7\u00e3o ao PSD, PSB ou ao Solidariedade. O [&hellip;]<\/p>\n","protected":false},"author":4,"featured_media":172463,"comment_status":"closed","ping_status":"closed","sticky":false,"template":"","format":"standard","meta":{"footnotes":""},"categories":[37],"tags":[],"class_list":["post-194388","post","type-post","status-publish","format-standard","has-post-thumbnail","hentry","category-politica"],"_links":{"self":[{"href":"https:\/\/www.ocorreionews.com.br\/acervo-correio\/index.php?rest_route=\/wp\/v2\/posts\/194388","targetHints":{"allow":["GET"]}}],"collection":[{"href":"https:\/\/www.ocorreionews.com.br\/acervo-correio\/index.php?rest_route=\/wp\/v2\/posts"}],"about":[{"href":"https:\/\/www.ocorreionews.com.br\/acervo-correio\/index.php?rest_route=\/wp\/v2\/types\/post"}],"author":[{"embeddable":true,"href":"https:\/\/www.ocorreionews.com.br\/acervo-correio\/index.php?rest_route=\/wp\/v2\/users\/4"}],"replies":[{"embeddable":true,"href":"https:\/\/www.ocorreionews.com.br\/acervo-correio\/index.php?rest_route=%2Fwp%2Fv2%2Fcomments&post=194388"}],"version-history":[{"count":1,"href":"https:\/\/www.ocorreionews.com.br\/acervo-correio\/index.php?rest_route=\/wp\/v2\/posts\/194388\/revisions"}],"predecessor-version":[{"id":194389,"href":"https:\/\/www.ocorreionews.com.br\/acervo-correio\/index.php?rest_route=\/wp\/v2\/posts\/194388\/revisions\/194389"}],"wp:featuredmedia":[{"embeddable":true,"href":"https:\/\/www.ocorreionews.com.br\/acervo-correio\/index.php?rest_route=\/wp\/v2\/media\/172463"}],"wp:attachment":[{"href":"https:\/\/www.ocorreionews.com.br\/acervo-correio\/index.php?rest_route=%2Fwp%2Fv2%2Fmedia&parent=194388"}],"wp:term":[{"taxonomy":"category","embeddable":true,"href":"https:\/\/www.ocorreionews.com.br\/acervo-correio\/index.php?rest_route=%2Fwp%2Fv2%2Fcategories&post=194388"},{"taxonomy":"post_tag","embeddable":true,"href":"https:\/\/www.ocorreionews.com.br\/acervo-correio\/index.php?rest_route=%2Fwp%2Fv2%2Ftags&post=194388"}],"curies":[{"name":"wp","href":"https:\/\/api.w.org\/{rel}","templated":true}]}}