{"id":194391,"date":"2021-12-28T08:03:45","date_gmt":"2021-12-28T12:03:45","guid":{"rendered":"https:\/\/www.ocorreionews.com.br\/acervo-correio\/?p=194391"},"modified":"2021-12-28T08:03:45","modified_gmt":"2021-12-28T12:03:45","slug":"costa-rica-corrige-em-ate-45-a-tabela-de-vencimento-dos-professores","status":"publish","type":"post","link":"https:\/\/www.ocorreionews.com.br\/acervo-correio\/?p=194391","title":{"rendered":"Costa Rica corrige em at\u00e9 45% a Tabela de vencimento dos professores"},"content":{"rendered":"<div class=\"ntc_cont_descricao_noticia sw_txteditor\">Ser professor no Brasil \u00e9 uma tarefa \u00e1rdua e falta a devida valoriza\u00e7\u00e3o da classe. Em Costa Rica n\u00e3o \u00e9 diferente porque a categoria estava com uma defasagem salarial preocupante e medidas de reposi\u00e7\u00e3o n\u00e3o puderam ser feitas devido \u00e0 LC (Lei Complementar) n\u00ba 173, de 2020 que veda aumentos, editada durante a pandemia da Covid-19. Profundo conhecedor da situa\u00e7\u00e3o, o prefeito Cleverson dos Santos com o aval da C\u00e2mara de Vereadores e com participa\u00e7\u00e3o do SIMCOR \u2013 Sindicato dos Servidores P\u00fablicos Municipais de Costa Rica, reuniu a categoria e tratou de corrigir os \u00edndices da Tabela de Vencimento dos profissionais do magist\u00e9rio que \u00e9 regida por legisla\u00e7\u00e3o espec\u00edfica.<\/p>\n<p>A demanda acumulou-se nos \u00faltimos anos porque a receita do FUNDEB \u2013 Fundo de Manuten\u00e7\u00e3o e Desenvolvimento da Educa\u00e7\u00e3o B\u00e1sica e de Valoriza\u00e7\u00e3o dos Profissionais da Educa\u00e7\u00e3o \u00e9 bem superior ao comprometimento com a folha de pagamento do corpo docente. Como forma de equilibrar o fiel da balan\u00e7a, o poder p\u00fablico encontrou a solu\u00e7\u00e3o e corrigiu em at\u00e9 45%, a tabela de vencimento dos professores, conforme os n\u00edveis de habilita\u00e7\u00e3o da Carreira dos Profissionais do Magist\u00e9rio P\u00fablico Municipal que s\u00e3o organizados por n\u00edvel de habilita\u00e7\u00e3o.<\/p>\n<p>Para o N\u00edvel m\u00e9dio (I), professor com forma\u00e7\u00e3o em n\u00edvel m\u00e9dio, na modalidade normal (magist\u00e9rio) a corre\u00e7\u00e3o foi de 25,76%;<\/p>\n<p>Para o N\u00edvel superior (II), professor com forma\u00e7\u00e3o em normal superior, pedagogia ou em Licenciatura na (s) \u00e1rea (s) espec\u00edfica (s), a corre\u00e7\u00e3o atingiu o maior percentual, 45,11%;<\/p>\n<p>Para N\u00edvel de p\u00f3s-gradua\u00e7\u00e3o lato sensu (III), professor com forma\u00e7\u00e3o em n\u00edvel superior, especialista na \u00e1rea de concurso ou de atua\u00e7\u00e3o, a corre\u00e7\u00e3o foi de 42,53%;<\/p>\n<p>J\u00e1 para o N\u00edvel de p\u00f3s-gradua\u00e7\u00e3o stricto sensu (IV), professor com forma\u00e7\u00e3o em n\u00edvel superior, mestre ou doutor na \u00e1rea de concurso ou de atua\u00e7\u00e3o, o percentual alcan\u00e7ou 41,48%.<\/p>\n<p>Os cargos da Carreira dos Profissionais do Magist\u00e9rio P\u00fablico Municipal est\u00e3o organizados por n\u00edvel de habilita\u00e7\u00e3o, conforme tabela constante da Lei Complementar n\u00ba 85, de 22 de outubro de 2019.<\/p>\n<p>A medida tem como objetivo valorizar o trabalho dos profissionais, explicou o prefeito. \u201cEsse \u00e9 um reconhecimento aos nossos professores. Temos uma das melhores educa\u00e7\u00e3o do Mato Grosso do Sul, segundo o \u00edndice do Ideb, que mede a qualidade do ensino. Mas, os professores n\u00e3o eram valorizados. A medida corrobora com a nossa meta de valorizar estes profissionais e \u00e9 muito importante para aqueles que cuidam do futuro da nossa cidade\u201d, destacou Cleverson Alves.<\/p>\n<p>\u201cOs recursos s\u00e3o provenientes do Fundo de Manuten\u00e7\u00e3o e Desenvolvimento da Educa\u00e7\u00e3o B\u00e1sica (Fundeb) e os nossos professores merecem essa corre\u00e7\u00e3o da tabela, n\u00f3s est\u00e1vamos entre os piores sal\u00e1rios do Estado. Agora vamos ficar entre os melhores \u00edndices do Mato Grosso do Sul para professores. \u00c9 um direito do professor, e a nossa gest\u00e3o est\u00e1 investindo na educa\u00e7\u00e3o. Eu sempre digo: para investir na educa\u00e7\u00e3o, a gente tem que investir na mat\u00e9ria prima principal que \u00e9 o professor. \u00c9 um trabalho de valoriza\u00e7\u00e3o gradativa. A nossa meta \u00e9 entregar a gest\u00e3o nos quatro anos, com o professor de Costa Rica, valorizado e tendo entre os cinco melhores sal\u00e1rios do Estado. Professor satisfeito, educa\u00e7\u00e3o de qualidade\u201d, argumenta o prefeito costarriquense.\n<\/p><\/div>\n<div class=\"ntc_area_info_noticia sw_lato\">\n<div>\n<div class=\"ntc_info_noticia\"><strong class=\"sw_lato_black\">Fonte: <\/strong>ASSECOM\/PMCR<\/div>\n<\/div>\n<\/div>\n","protected":false},"excerpt":{"rendered":"<p>Ser professor no Brasil \u00e9 uma tarefa \u00e1rdua e falta a devida valoriza\u00e7\u00e3o da classe. Em Costa Rica n\u00e3o \u00e9 diferente porque a categoria estava com uma defasagem salarial preocupante e medidas de reposi\u00e7\u00e3o n\u00e3o puderam ser feitas devido \u00e0 LC (Lei Complementar) n\u00ba 173, de 2020 que veda aumentos, editada durante a pandemia da [&hellip;]<\/p>\n","protected":false},"author":4,"featured_media":194392,"comment_status":"closed","ping_status":"closed","sticky":false,"template":"","format":"standard","meta":{"footnotes":""},"categories":[25],"tags":[],"class_list":["post-194391","post","type-post","status-publish","format-standard","has-post-thumbnail","hentry","category-costa-rica"],"_links":{"self":[{"href":"https:\/\/www.ocorreionews.com.br\/acervo-correio\/index.php?rest_route=\/wp\/v2\/posts\/194391","targetHints":{"allow":["GET"]}}],"collection":[{"href":"https:\/\/www.ocorreionews.com.br\/acervo-correio\/index.php?rest_route=\/wp\/v2\/posts"}],"about":[{"href":"https:\/\/www.ocorreionews.com.br\/acervo-correio\/index.php?rest_route=\/wp\/v2\/types\/post"}],"author":[{"embeddable":true,"href":"https:\/\/www.ocorreionews.com.br\/acervo-correio\/index.php?rest_route=\/wp\/v2\/users\/4"}],"replies":[{"embeddable":true,"href":"https:\/\/www.ocorreionews.com.br\/acervo-correio\/index.php?rest_route=%2Fwp%2Fv2%2Fcomments&post=194391"}],"version-history":[{"count":1,"href":"https:\/\/www.ocorreionews.com.br\/acervo-correio\/index.php?rest_route=\/wp\/v2\/posts\/194391\/revisions"}],"predecessor-version":[{"id":194393,"href":"https:\/\/www.ocorreionews.com.br\/acervo-correio\/index.php?rest_route=\/wp\/v2\/posts\/194391\/revisions\/194393"}],"wp:featuredmedia":[{"embeddable":true,"href":"https:\/\/www.ocorreionews.com.br\/acervo-correio\/index.php?rest_route=\/wp\/v2\/media\/194392"}],"wp:attachment":[{"href":"https:\/\/www.ocorreionews.com.br\/acervo-correio\/index.php?rest_route=%2Fwp%2Fv2%2Fmedia&parent=194391"}],"wp:term":[{"taxonomy":"category","embeddable":true,"href":"https:\/\/www.ocorreionews.com.br\/acervo-correio\/index.php?rest_route=%2Fwp%2Fv2%2Fcategories&post=194391"},{"taxonomy":"post_tag","embeddable":true,"href":"https:\/\/www.ocorreionews.com.br\/acervo-correio\/index.php?rest_route=%2Fwp%2Fv2%2Ftags&post=194391"}],"curies":[{"name":"wp","href":"https:\/\/api.w.org\/{rel}","templated":true}]}}