{"id":194395,"date":"2021-12-28T08:07:50","date_gmt":"2021-12-28T12:07:50","guid":{"rendered":"https:\/\/www.ocorreionews.com.br\/acervo-correio\/?p=194395"},"modified":"2021-12-28T08:07:50","modified_gmt":"2021-12-28T12:07:50","slug":"casa-e-destruida-pelo-fogo-apos-idoso-deixar-panela-no-fogao-e-dormir","status":"publish","type":"post","link":"https:\/\/www.ocorreionews.com.br\/acervo-correio\/?p=194395","title":{"rendered":"Casa e destru\u00edda pelo fogo ap\u00f3s idoso deixar panela no fog\u00e3o e dormir"},"content":{"rendered":"<p>Um inc\u00eandio consumiu completamente uma resid\u00eancia por volta d\u00e1s 19h20 desta segunda-feira (27), na esquina das ruas Daniel Ces\u00e1rio com General Mendes de Morais, no bairro Senhor Divino em Coxim.<\/p>\n<p>Segundo informa\u00e7\u00f5es extra oficiais, d\u00e3o conta que o idoso inicialmente identificado com Eider, que \u00e9 propriet\u00e1rio da casa, havia deixado uma panela no fog\u00e3o e adormecido no local.<\/p>\n<p>Ainda com as mesmas informa\u00e7\u00f5es, o idoso acordou com as chamas tomando conta do im\u00f3vel e saindo sem ferimentos.<\/p>\n<p>O Corpo de Bombeiros foi acionado e est\u00e1 neste momento contendo as chamas e posteriormente o rescaldo do im\u00f3vel.<\/p>\n<p>Nossa reportagem acompanha o caso e em breve traremos mais informa\u00e7\u00f5es.<\/p>\n<div class=\"imagem_noticia center img640_480\"><a href=\"http:\/\/www.edicaoms.com.br\/uploads\/images\/noticias\/ed3e5b47b5550154d9fa5c882475aee8.jpg\" data-lightbox=\"example-2\" data-title=\"Foto: Leo Rezende\"><img decoding=\"async\" title=\"\" src=\"http:\/\/www.edicaoms.com.br\/uploads\/images\/noticias\/ed3e5b47b5550154d9fa5c882475aee8.jpg\" alt=\"\" \/><\/a><\/p>\n<div class=\"foto_legenda\">Fotos: Leo Rezende<\/div>\n<div>PC de Souza edi\u00e7\u00e3o ms<\/div>\n<\/div>\n","protected":false},"excerpt":{"rendered":"<p>Um inc\u00eandio consumiu completamente uma resid\u00eancia por volta d\u00e1s 19h20 desta segunda-feira (27), na esquina das ruas Daniel Ces\u00e1rio com General Mendes de Morais, no bairro Senhor Divino em Coxim. Segundo informa\u00e7\u00f5es extra oficiais, d\u00e3o conta que o idoso inicialmente identificado com Eider, que \u00e9 propriet\u00e1rio da casa, havia deixado uma panela no fog\u00e3o e [&hellip;]<\/p>\n","protected":false},"author":4,"featured_media":194396,"comment_status":"closed","ping_status":"closed","sticky":false,"template":"","format":"standard","meta":{"footnotes":""},"categories":[38],"tags":[],"class_list":["post-194395","post","type-post","status-publish","format-standard","has-post-thumbnail","hentry","category-policia"],"_links":{"self":[{"href":"https:\/\/www.ocorreionews.com.br\/acervo-correio\/index.php?rest_route=\/wp\/v2\/posts\/194395","targetHints":{"allow":["GET"]}}],"collection":[{"href":"https:\/\/www.ocorreionews.com.br\/acervo-correio\/index.php?rest_route=\/wp\/v2\/posts"}],"about":[{"href":"https:\/\/www.ocorreionews.com.br\/acervo-correio\/index.php?rest_route=\/wp\/v2\/types\/post"}],"author":[{"embeddable":true,"href":"https:\/\/www.ocorreionews.com.br\/acervo-correio\/index.php?rest_route=\/wp\/v2\/users\/4"}],"replies":[{"embeddable":true,"href":"https:\/\/www.ocorreionews.com.br\/acervo-correio\/index.php?rest_route=%2Fwp%2Fv2%2Fcomments&post=194395"}],"version-history":[{"count":1,"href":"https:\/\/www.ocorreionews.com.br\/acervo-correio\/index.php?rest_route=\/wp\/v2\/posts\/194395\/revisions"}],"predecessor-version":[{"id":194397,"href":"https:\/\/www.ocorreionews.com.br\/acervo-correio\/index.php?rest_route=\/wp\/v2\/posts\/194395\/revisions\/194397"}],"wp:featuredmedia":[{"embeddable":true,"href":"https:\/\/www.ocorreionews.com.br\/acervo-correio\/index.php?rest_route=\/wp\/v2\/media\/194396"}],"wp:attachment":[{"href":"https:\/\/www.ocorreionews.com.br\/acervo-correio\/index.php?rest_route=%2Fwp%2Fv2%2Fmedia&parent=194395"}],"wp:term":[{"taxonomy":"category","embeddable":true,"href":"https:\/\/www.ocorreionews.com.br\/acervo-correio\/index.php?rest_route=%2Fwp%2Fv2%2Fcategories&post=194395"},{"taxonomy":"post_tag","embeddable":true,"href":"https:\/\/www.ocorreionews.com.br\/acervo-correio\/index.php?rest_route=%2Fwp%2Fv2%2Ftags&post=194395"}],"curies":[{"name":"wp","href":"https:\/\/api.w.org\/{rel}","templated":true}]}}