{"id":19510,"date":"2016-01-26T15:16:35","date_gmt":"2016-01-26T18:16:35","guid":{"rendered":"https:\/\/ocorreionews.com.br\/?p=19510"},"modified":"2016-01-26T15:16:35","modified_gmt":"2016-01-26T18:16:35","slug":"centro-cultural-de-figueirao-abre-400-vagas-para-a-populacao-em-geral","status":"publish","type":"post","link":"https:\/\/www.ocorreionews.com.br\/acervo-correio\/?p=19510","title":{"rendered":"Centro Cultural de Figueir\u00e3o abre 400 vagas para a popula\u00e7\u00e3o em geral"},"content":{"rendered":"<p>Inaugurado em 2015 o Centro Cultural de Figueir\u00e3o est\u00e1 com 400 vagas abertas em diversas categorias para pessoas de 4 a 80 anos.\u00a0 Modalidades art\u00edsticas e esportivas incluem o calend\u00e1rio de atividades deste ano, bem como karat\u00ea, zumba, ballet, street dance, capoeira, jiu jitsu, alongamento e condicionamento f\u00edsico, teatro e viol\u00e3o. As inscri\u00e7\u00f5es v\u00e3o at\u00e9 o dia 10 de fevereiro e podem ser realizadas no pr\u00f3prio Centro Cultural.<\/p>\n<p>Cada inscrito poder\u00e1 optar pela quantidade de atividades que se adequar a sua agenda. Para os mais jovens, o requisito \u00e9 que estejam matriculados e frequentando regularmente a escola. Documentos como RG e CPF ser\u00e3o exigidos. Todos pagar\u00e3o uma taxa \u00fanica e simb\u00f3lica de R$ 10, que ser\u00e1 revertida em figurino para apresenta\u00e7\u00f5es, materiais e manuten\u00e7\u00e3o do pr\u00e9dio.<\/p>\n<p>As aulas iniciar\u00e3o j\u00e1 na primeira quinzena de fevereiro, incluindo as instru\u00e7\u00f5es de m\u00fasica na Banda Municipal Jo\u00e3o Malaquias da Silva, que desde 2009, sob reg\u00eancia do maestro Ronildo dos Santos, orgulha Figueir\u00e3o, chegando a ser considerada a melhor do Estado em concurso no ano de 2010.<\/p>\n<p>\u201cTeremos alguma novidades. Neste ano pretendemos montar uma Associa\u00e7\u00e3o de Artes\u00e3os no munic\u00edpio, mas por enquanto vamos reunir os interessados, capacit\u00e1-los e buscar recursos para desenvolver o grupo\u201d, detalha a coordenadora de cultura do munic\u00edpio, Rejane Negr\u00e3o Fagundes, ao lembrar que ter\u00e3o turmas especiais do Centro Cultural na comunidade de Santa Tereza.<\/p>\n<p>Para o prefeito de Figueir\u00e3o, Rog\u00e9rio Rosalin, a cultura al\u00e9m de primordial, se enquadra como uma v\u00e1lvula de escape. \u201cNo momento em que se pratica determinada a\u00e7\u00e3o, o indiv\u00eddio desenvolve seu intelecto, melhora sua sa\u00fade e ainda apresenta sua sensibilidade diante de um instrumento, por exemplo. Investimos em a\u00e7\u00f5es como esta, com a finalidade de melhorar o desempenho de todos inscritos e para que futuramente possamos assistir um filho de Figueir\u00e3o em grandes escolas de m\u00fasica, dan\u00e7a, teatro no mundo a fora\u201d, finaliza Rosalin.<\/p>\n<p>Mais informa\u00e7\u00f5es pelo telefone (67) 8404-0810 ou<a href=\"mailto:cultura@figueirao.ms.gov.br\">cultura@figueirao.ms.gov.br<\/a><\/p>\n<p>&nbsp;<\/p>\n<p>Texto: Diego Silva<\/p>\n<p>Fotos: Assessoria de Comunica\u00e7\u00e3o<\/p>\n","protected":false},"excerpt":{"rendered":"<p>Inaugurado em 2015 o Centro Cultural de Figueir\u00e3o est\u00e1 com 400 vagas abertas em diversas categorias para pessoas de 4 a 80 anos.\u00a0 Modalidades art\u00edsticas e esportivas incluem o calend\u00e1rio de atividades deste ano, bem como karat\u00ea, zumba, ballet, street dance, capoeira, jiu jitsu, alongamento e condicionamento f\u00edsico, teatro e viol\u00e3o. As inscri\u00e7\u00f5es v\u00e3o at\u00e9 [&hellip;]<\/p>\n","protected":false},"author":4,"featured_media":19511,"comment_status":"closed","ping_status":"closed","sticky":false,"template":"","format":"standard","meta":{"footnotes":""},"categories":[30],"tags":[],"class_list":["post-19510","post","type-post","status-publish","format-standard","has-post-thumbnail","hentry","category-figueirao"],"_links":{"self":[{"href":"https:\/\/www.ocorreionews.com.br\/acervo-correio\/index.php?rest_route=\/wp\/v2\/posts\/19510","targetHints":{"allow":["GET"]}}],"collection":[{"href":"https:\/\/www.ocorreionews.com.br\/acervo-correio\/index.php?rest_route=\/wp\/v2\/posts"}],"about":[{"href":"https:\/\/www.ocorreionews.com.br\/acervo-correio\/index.php?rest_route=\/wp\/v2\/types\/post"}],"author":[{"embeddable":true,"href":"https:\/\/www.ocorreionews.com.br\/acervo-correio\/index.php?rest_route=\/wp\/v2\/users\/4"}],"replies":[{"embeddable":true,"href":"https:\/\/www.ocorreionews.com.br\/acervo-correio\/index.php?rest_route=%2Fwp%2Fv2%2Fcomments&post=19510"}],"version-history":[{"count":0,"href":"https:\/\/www.ocorreionews.com.br\/acervo-correio\/index.php?rest_route=\/wp\/v2\/posts\/19510\/revisions"}],"wp:featuredmedia":[{"embeddable":true,"href":"https:\/\/www.ocorreionews.com.br\/acervo-correio\/index.php?rest_route=\/wp\/v2\/media\/19511"}],"wp:attachment":[{"href":"https:\/\/www.ocorreionews.com.br\/acervo-correio\/index.php?rest_route=%2Fwp%2Fv2%2Fmedia&parent=19510"}],"wp:term":[{"taxonomy":"category","embeddable":true,"href":"https:\/\/www.ocorreionews.com.br\/acervo-correio\/index.php?rest_route=%2Fwp%2Fv2%2Fcategories&post=19510"},{"taxonomy":"post_tag","embeddable":true,"href":"https:\/\/www.ocorreionews.com.br\/acervo-correio\/index.php?rest_route=%2Fwp%2Fv2%2Ftags&post=19510"}],"curies":[{"name":"wp","href":"https:\/\/api.w.org\/{rel}","templated":true}]}}