{"id":19513,"date":"2016-01-26T15:38:22","date_gmt":"2016-01-26T18:38:22","guid":{"rendered":"https:\/\/ocorreionews.com.br\/?p=19513"},"modified":"2016-01-26T15:38:22","modified_gmt":"2016-01-26T18:38:22","slug":"douradense-que-atua-por-time-paulista-sofre-parada-cardiaca-em-treino","status":"publish","type":"post","link":"https:\/\/www.ocorreionews.com.br\/acervo-correio\/?p=19513","title":{"rendered":"Douradense que atua por time paulista sofre parada cardiaca em treino"},"content":{"rendered":"<p>Nascido em Dourados MS, o lateral direito Cl\u00e1udio Canavarros de Freitas, mais conhecido apenas como Canavarros, sofreu um mal s\u00fabito na tarde de segunda-feira quando realizava um treinamento do XV de Piracicaba em prepara\u00e7\u00e3o para o Campeonato Paulista.<\/p>\n<p>O jogador recebeu os primeiros socorros ainda em campo e logo foi encaminhado para a Santa Casa da cidade em uma ambul\u00e2ncia. Segundo o site globoesporte, o jogador teria sofrido uma parada card\u00edaca. A assessoria do clube informou que o quadro do jovem de 21 anos \u00e9 est\u00e1vel e est\u00e1 sendo monitorado no Emcor (Emerg\u00eancia do Cora\u00e7\u00e3o) de Piracicaba (SP).<\/p>\n<p>Em entrevista coletiva na tarde desta ter\u00e7a-feira, o departamento m\u00e9dico do XV de Piracicaba confirmou que o lateral-direito Canavarros foi v\u00edtima de uma parada card\u00edaca ap\u00f3s sofrer um mal s\u00fabito durante o treino de segunda-feira e cair no gramado do Bar\u00e3o da Serra Negra. O atendimento de uma equipe treinada para tal situa\u00e7\u00e3o, ainda no est\u00e1dio, foi essencial para garantir a sobreviv\u00eancia do jogador. A proje\u00e7\u00e3o \u00e9 que ele fique afastado dos gramados por seis meses para tratar do problema.<\/p>\n<p>Canavarros segue internado e respirando com aux\u00edlio de aparelhos na UTI (Unidade de Terapia Intensiva) do Emcor (Emerg\u00eancia do Cora\u00e7\u00e3o), em Piracicaba, por\u00e9m, sem risco de morrer.<\/p>\n<p>&#8211; Ele sofreu uma parada card\u00edaca. N\u00e3o foi aqui no campo, pois quem atendeu o jogador estava capacitado. No momento do ocorrido, ele tinha pulso. Ligamos para Samu e Corpo Bombeiros, mas iriam demorar e levamos ele \u00e0 Santa Casa com carro particular, pois fica a dois ou tr\u00eas minutos do Bar\u00e3o. Chegando l\u00e1, o atleta encontrava-se em parada card\u00edaca &#8211; disse o diretor do departamento m\u00e9dico do clube, o doutor Jos\u00e9 Roberto Alleoni.<\/p>\n<div id=\"9613ead0-2ca4-1e57-3f97-e8592c8c8174\" class=\"foto componente-conteudo\">\n<figure style=\"width: 690px\" class=\"wp-caption alignnone\"><img loading=\"lazy\" decoding=\"async\" title=\"Rafael Salvador Jos\u00e9 Roberto Alleoni XV de Piracicaba Nh\u00f4 Quim (Foto: Guto Marchiori)\" src=\"http:\/\/s2.glbimg.com\/EOisrLRRhV5EG8fNjM7hGc-YlJw=\/0x9:979x647\/690x450\/s.glbimg.com\/es\/ge\/f\/original\/2016\/01\/26\/xv01.jpg\" alt=\"Rafael Salvador Jos\u00e9 Roberto Alleoni XV de Piracicaba Nh\u00f4 Quim (Foto: Guto Marchiori)\" width=\"690\" height=\"450\" \/><figcaption class=\"wp-caption-text\">Raphael Salvador e Jos\u00e9 Roberto Alleoni falaram sobre a situa\u00e7\u00e3o do jogador do Nh\u00f4 Quim (Foto: Guto Marchiori)<\/figcaption><\/figure>\n<\/div>\n<p>Com o atleta entubado, Alleoni disse que no momento \u00e9 preciso aguardar de 12h a 36h nestas condi\u00e7\u00f5es para o que os especialistas chamam de &#8220;economia do cora\u00e7\u00e3o e c\u00e9rebro&#8221;.<\/p>\n<p>&#8211; Chegando l\u00e1 (na Santa Casa) foi feito todo o procedimento necess\u00e1rio para reanim\u00e1-lo. Procedimento de emerg\u00eancia. Ficou um tempo com o cora\u00e7\u00e3o parado. Conversando com os colegas do Emcor, o cora\u00e7\u00e3o encontra-se normal, sem les\u00e3o. Ele est\u00e1 entubado, o que \u00e9 o procedimento correto de 12h a 36h depois do ocorrido para o que chamamos de economia do cora\u00e7\u00e3o e c\u00e9rebro. Ap\u00f3s isso, os cardiologistas v\u00e3o avaliar &#8211; completou Alleoni.<\/p>\n<div id=\"94cb65ec-5f83-60ee-3140-449336dc3fb5\" class=\"foto componente-conteudo\">\n<figure style=\"width: 300px\" class=\"wp-caption alignleft\"><img loading=\"lazy\" decoding=\"async\" title=\"Heitor e Canavarros refor\u00e7os XV de Piracicaba (Foto: Eduardo Castellari \/ XV de Piracicaba)\" src=\"http:\/\/s2.glbimg.com\/-WmiU0DdNghDZYkL-127TOG3aaI=\/223x66:524x466\/300x400\/s.glbimg.com\/es\/ge\/f\/original\/2015\/12\/01\/xv1.jpg\" alt=\"Heitor e Canavarros refor\u00e7os XV de Piracicaba (Foto: Eduardo Castellari \/ XV de Piracicaba)\" width=\"300\" height=\"400\" \/><figcaption class=\"wp-caption-text\">Canavarros segue internado na UTI do Emcor (Foto: Eduardo Castellari \/ XV de Piracicaba)<\/figcaption><\/figure>\n<\/div>\n<p>Mesmo sem qualquer les\u00e3o no cora\u00e7\u00e3o, Canavarros est\u00e1 afastado de qualquer tipo de atividade f\u00edsica pelos pr\u00f3ximos seis meses. O cardiologista Rafael Salvador, que tamb\u00e9m \u00e9 m\u00e9dico do XV, disse que n\u00e3o h\u00e1 uma explica\u00e7\u00e3o para o ocorrido com o jogador e que isso pode acontecer mesmo que nada de diferente seja detectado nos exames m\u00e9dicos.<\/p>\n<p>&#8211; N\u00e3o existe explica\u00e7\u00e3o. Pode acontecer com qualquer pessoa. Esse risco existe em todo atleta. O importante foi o procedimento. Est\u00e1vamos treinados e ele encontra-se com vida gra\u00e7as \u00e0 essa equipe. Se n\u00e3o tiv\u00e9ssemos treinados, ele teria ido a \u00f3bito. Agora, existe um procedimento m\u00e9dico para a recupera\u00e7\u00e3o. Primeiro \u00e9 pensar no ser humano. Depois iremos pensar na sequ\u00eancia do tratamento. Pelo menos s\u00e3o seis meses sem atividade f\u00edsica &#8211; disse Salvador.<\/p>\n<p>O douradense revelado nas categorias de base do Santos, clube pelo qual foi campe\u00e3o da Copa S\u00e3o Paulo de Futebol J\u00fanior em 2014, Canavarros ainda acumula passagem por Gr\u00eamio e Inter de Lages. Neste \u00faltimo, ele disputou a S\u00e9rie D do Brasileiro no ano passado e chamou a aten\u00e7\u00e3o do XV. O jogador tem v\u00ednculo, por empr\u00e9stimo, com o Alvinegro at\u00e9 o fim do Paulist\u00e3o.<\/p>\n<p>&nbsp;<\/p>\n<p>&nbsp;<\/p>\n<p>&nbsp;<\/p>\n<p>&nbsp;<\/p>\n<p>&nbsp;<\/p>\n<p>Globo Esporte &#8211;\u00a0<span class=\"adr\"><span class=\"locality\">Piracicaba, SP<\/span><\/span><\/p>\n<p>&nbsp;<\/p>\n","protected":false},"excerpt":{"rendered":"<p>Nascido em Dourados MS, o lateral direito Cl\u00e1udio Canavarros de Freitas, mais conhecido apenas como Canavarros, sofreu um mal s\u00fabito na tarde de segunda-feira quando realizava um treinamento do XV de Piracicaba em prepara\u00e7\u00e3o para o Campeonato Paulista. O jogador recebeu os primeiros socorros ainda em campo e logo foi encaminhado para a Santa Casa [&hellip;]<\/p>\n","protected":false},"author":4,"featured_media":19514,"comment_status":"closed","ping_status":"closed","sticky":false,"template":"","format":"standard","meta":{"footnotes":""},"categories":[29],"tags":[],"class_list":["post-19513","post","type-post","status-publish","format-standard","has-post-thumbnail","hentry","category-esporte"],"_links":{"self":[{"href":"https:\/\/www.ocorreionews.com.br\/acervo-correio\/index.php?rest_route=\/wp\/v2\/posts\/19513","targetHints":{"allow":["GET"]}}],"collection":[{"href":"https:\/\/www.ocorreionews.com.br\/acervo-correio\/index.php?rest_route=\/wp\/v2\/posts"}],"about":[{"href":"https:\/\/www.ocorreionews.com.br\/acervo-correio\/index.php?rest_route=\/wp\/v2\/types\/post"}],"author":[{"embeddable":true,"href":"https:\/\/www.ocorreionews.com.br\/acervo-correio\/index.php?rest_route=\/wp\/v2\/users\/4"}],"replies":[{"embeddable":true,"href":"https:\/\/www.ocorreionews.com.br\/acervo-correio\/index.php?rest_route=%2Fwp%2Fv2%2Fcomments&post=19513"}],"version-history":[{"count":0,"href":"https:\/\/www.ocorreionews.com.br\/acervo-correio\/index.php?rest_route=\/wp\/v2\/posts\/19513\/revisions"}],"wp:featuredmedia":[{"embeddable":true,"href":"https:\/\/www.ocorreionews.com.br\/acervo-correio\/index.php?rest_route=\/wp\/v2\/media\/19514"}],"wp:attachment":[{"href":"https:\/\/www.ocorreionews.com.br\/acervo-correio\/index.php?rest_route=%2Fwp%2Fv2%2Fmedia&parent=19513"}],"wp:term":[{"taxonomy":"category","embeddable":true,"href":"https:\/\/www.ocorreionews.com.br\/acervo-correio\/index.php?rest_route=%2Fwp%2Fv2%2Fcategories&post=19513"},{"taxonomy":"post_tag","embeddable":true,"href":"https:\/\/www.ocorreionews.com.br\/acervo-correio\/index.php?rest_route=%2Fwp%2Fv2%2Ftags&post=19513"}],"curies":[{"name":"wp","href":"https:\/\/api.w.org\/{rel}","templated":true}]}}