{"id":19516,"date":"2016-01-26T15:41:12","date_gmt":"2016-01-26T18:41:12","guid":{"rendered":"https:\/\/ocorreionews.com.br\/?p=19516"},"modified":"2016-01-26T16:21:05","modified_gmt":"2016-01-26T19:21:05","slug":"prefeitura-diminui-expediente-para-viabilizar-obras","status":"publish","type":"post","link":"https:\/\/www.ocorreionews.com.br\/acervo-correio\/?p=19516","title":{"rendered":"Prefeitura diminui expediente para viabilizar obras"},"content":{"rendered":"<p>Como estrat\u00e9gia para economizar dinheiro e driblar a baixa arrecada\u00e7\u00e3o, a Prefeitura Municipal de Figueir\u00e3o, que possui uma das menores arrecada\u00e7\u00f5es de Mato Grosso do Sul, verificou a necessidade de diminuir o expediente dos colaboradores em duas horas por dia, com a finalidade de reverter as economias, em obras. O hor\u00e1rio extraordin\u00e1rio que passa a ser das 7h as 13h, iniciou na volta do recesso, com divulga\u00e7\u00e3o oficial por meio do decreto de n\u00famero 006, e vai vigorar at\u00e9 o dia 29 de fevereiro.<\/p>\n<p>De acordo com a Prefeitura, ainda n\u00e3o existe estimativa sobre o valor total que ser\u00e1 economizado com o hor\u00e1rio alternativo, por\u00e9m, as economias com setor administrativo, que envolvem di\u00e1rias, \u00e1gua, energia, combust\u00edvel e telefonia, ser\u00e3o suficientes para somar \u00e0s obras previstas no calend\u00e1rio da administra\u00e7\u00e3o em 2016. \u201c\u00c9 uma estrat\u00e9gia de f\u00e1cil ado\u00e7\u00e3o, mas confesso que particularmente sou contra, mas a equipe de secret\u00e1rios da atual gest\u00e3o me convenceu a um teste, e assim determinei tamb\u00e9m que j\u00e1 tivesse data prevista para t\u00e9rmino. Alertei a equipe sobre a preocupa\u00e7\u00e3o e que n\u00e3o admitiria preju\u00edzos ao atendimento \u00e0 popula\u00e7\u00e3o, mas o objetivo principal desse decreto \u00e9 diminuir os custos operacionais da m\u00e1quina p\u00fablica, poupando receita que ser\u00e1 investida no pr\u00f3prio munic\u00edpio\u201d, enfatiza o prefeito, Rog\u00e9rio Rosalin (PSDB).<\/p>\n<p>O decreto da Prefeitura considera a necessidade de reduzir as despesas de custeio no \u00e2mbito dos \u00f3rg\u00e3os que comp\u00f5em a administra\u00e7\u00e3o municipal e a necessidade de ajustes nas metas impostas pela Lei Complementar n\u00ba 101\/2000, lei de responsabilidade fiscal.<\/p>\n<p>\u201cMelhor que aumentar impostos, substancialmente, para elevar a receita, a diminui\u00e7\u00e3o do expediente vai proporcionar uma economia relevante para iniciarmos obras priorit\u00e1rias do munic\u00edpio, como a manuten\u00e7\u00e3o das vias pavimentadas e n\u00e3o pavimentadas, t\u00e9rmino das obras da creche, hospital e pra\u00e7a\u201d, pontua o prefeito.<\/p>\n<p>A mudan\u00e7a de hor\u00e1rio tamb\u00e9m foi alternativa em capitais como Bel\u00e9m, Salvador, Rio de Janeiro e Goi\u00e2nia, por exemplo. E segundo a Prefeitura de Figueir\u00e3o, a jornada de oito horas por dia, volta a partir de primeiro de mar\u00e7o, exceto\u00a0os servi\u00e7os essenciais e que t\u00eam escalas de plant\u00e3o e revezamento pr\u00e9-estabelecidos pelos Secret\u00e1rios Municipais, que n\u00e3o sofreram altera\u00e7\u00f5es.<\/p>\n<p>&nbsp;<\/p>\n<p>Texto: Diego Silva<\/p>\n<p>Fotos: Assessoria de Comunica\u00e7\u00e3o<\/p>\n","protected":false},"excerpt":{"rendered":"<p>Como estrat\u00e9gia para economizar dinheiro e driblar a baixa arrecada\u00e7\u00e3o, a Prefeitura Municipal de Figueir\u00e3o, que possui uma das menores arrecada\u00e7\u00f5es de Mato Grosso do Sul, verificou a necessidade de diminuir o expediente dos colaboradores em duas horas por dia, com a finalidade de reverter as economias, em obras. O hor\u00e1rio extraordin\u00e1rio que passa a [&hellip;]<\/p>\n","protected":false},"author":4,"featured_media":19517,"comment_status":"closed","ping_status":"closed","sticky":false,"template":"","format":"standard","meta":{"footnotes":""},"categories":[30],"tags":[],"class_list":["post-19516","post","type-post","status-publish","format-standard","has-post-thumbnail","hentry","category-figueirao"],"_links":{"self":[{"href":"https:\/\/www.ocorreionews.com.br\/acervo-correio\/index.php?rest_route=\/wp\/v2\/posts\/19516","targetHints":{"allow":["GET"]}}],"collection":[{"href":"https:\/\/www.ocorreionews.com.br\/acervo-correio\/index.php?rest_route=\/wp\/v2\/posts"}],"about":[{"href":"https:\/\/www.ocorreionews.com.br\/acervo-correio\/index.php?rest_route=\/wp\/v2\/types\/post"}],"author":[{"embeddable":true,"href":"https:\/\/www.ocorreionews.com.br\/acervo-correio\/index.php?rest_route=\/wp\/v2\/users\/4"}],"replies":[{"embeddable":true,"href":"https:\/\/www.ocorreionews.com.br\/acervo-correio\/index.php?rest_route=%2Fwp%2Fv2%2Fcomments&post=19516"}],"version-history":[{"count":0,"href":"https:\/\/www.ocorreionews.com.br\/acervo-correio\/index.php?rest_route=\/wp\/v2\/posts\/19516\/revisions"}],"wp:featuredmedia":[{"embeddable":true,"href":"https:\/\/www.ocorreionews.com.br\/acervo-correio\/index.php?rest_route=\/wp\/v2\/media\/19517"}],"wp:attachment":[{"href":"https:\/\/www.ocorreionews.com.br\/acervo-correio\/index.php?rest_route=%2Fwp%2Fv2%2Fmedia&parent=19516"}],"wp:term":[{"taxonomy":"category","embeddable":true,"href":"https:\/\/www.ocorreionews.com.br\/acervo-correio\/index.php?rest_route=%2Fwp%2Fv2%2Fcategories&post=19516"},{"taxonomy":"post_tag","embeddable":true,"href":"https:\/\/www.ocorreionews.com.br\/acervo-correio\/index.php?rest_route=%2Fwp%2Fv2%2Ftags&post=19516"}],"curies":[{"name":"wp","href":"https:\/\/api.w.org\/{rel}","templated":true}]}}