{"id":19527,"date":"2016-01-27T08:03:14","date_gmt":"2016-01-27T11:03:14","guid":{"rendered":"https:\/\/ocorreionews.com.br\/?p=19527"},"modified":"2016-01-27T08:03:14","modified_gmt":"2016-01-27T11:03:14","slug":"inicio-das-aulas-na-rede-estadual-de-ms-e-adiado-para-29-de-fevereiro","status":"publish","type":"post","link":"https:\/\/www.ocorreionews.com.br\/acervo-correio\/?p=19527","title":{"rendered":"In\u00edcio das aulas na rede estadual de MS \u00e9 adiado para 29 de fevereiro"},"content":{"rendered":"<p>O governo de Mato Grosso do Sul decidiu adiar o in\u00edcio das aulas para o dia 29 de fevereiro para atender o pedido dos prefeitos que sofreram com a destrui\u00e7\u00e3o causadas pelas chuvas. A mudan\u00e7a vai valer para os 79 munic\u00edpios sul-mato-grossenses.<\/p>\n<p>A data foi definida nesta ter\u00e7a-feira (26) ap\u00f3s reuni\u00e3o entre representantes do governo e a Federa\u00e7\u00e3o dos Trabalhadores em Educa\u00e7\u00e3o de Mato Grosso do Sul (Fetems), na governadoria. Os professores v\u00e3o retornar \u00e0s atividades uma semana antes dos alunos. Inicialmente, as aluas estavam previstas come\u00e7ar no dia 15 de fevereiro.<\/p>\n<div class=\"foto componente_materia midia-largura-300\">\n<figure style=\"width: 300px\" class=\"wp-caption alignleft\"><img loading=\"lazy\" decoding=\"async\" title=\"Sala de aula em escola estadual, em Campo Grande (Foto: Graziela Rezende\/ G1 MS)\" src=\"http:\/\/s2.glbimg.com\/DJv3Vt4ZSb3wfK35_LoJ2To98ZM=\/300x225\/s.glbimg.com\/jo\/g1\/f\/original\/2015\/06\/12\/escola_editada.png\" alt=\"Sala de aula em escola estadual, em Campo Grande (Foto: Graziela Rezende\/ G1 MS)\" width=\"300\" height=\"225\" \/><figcaption class=\"wp-caption-text\">Sala de aula em escola estadual, em Campo Grande (Foto: Graziela Rezende\/ G1 MS)<\/figcaption><\/figure>\n<\/div>\n<p>Segundo os prefeitos, as aulas poderiam ser prejudicadas em munic\u00edpios onde foram decretadas situa\u00e7\u00f5es de emerg\u00eancia, j\u00e1 que esses locais ainda sofrem com os estragos das chuvas que atingem o estado desde novembro de 2015.<\/p>\n<p>O encerramento do ano letivo foi mantido para o dia 18 de dezembro de 2016. A Fetems que era contra a mudan\u00e7a concordou com a decis\u00e3o pelo fato de n\u00e3o ter aulas aos s\u00e1bados para reposi\u00e7\u00e3o.<\/p>\n<div class=\"saibamais componente_materia\"><strong>Convoca\u00e7\u00e3o<\/strong><br \/>\nA secret\u00e1ria estadual de Educa\u00e7\u00e3o, Maria Cec\u00edlia Am\u00eandola da Mota, e o secret\u00e1rio de Administra\u00e7\u00e3o e Desburocratiza\u00e7\u00e3o, Carlos Alberto de Assis, anunciaram que 500 novos professores concursados ser\u00e3o convocados para o trabalho entre na \u00faltima semana de fevereiro.<\/div>\n<p>Al\u00e9m disso, outros 300 novos profissionais da \u00e1rea administrativa tamb\u00e9m ser\u00e3o chamados para o trabalho nas escolas. As convoca\u00e7\u00f5es devem ser realizadas entre 15 e 22 de fevereiro.<\/p>\n<p>&nbsp;<\/p>\n<p>&nbsp;<\/p>\n<p>G1 MS<\/p>\n","protected":false},"excerpt":{"rendered":"<p>O governo de Mato Grosso do Sul decidiu adiar o in\u00edcio das aulas para o dia 29 de fevereiro para atender o pedido dos prefeitos que sofreram com a destrui\u00e7\u00e3o causadas pelas chuvas. A mudan\u00e7a vai valer para os 79 munic\u00edpios sul-mato-grossenses. A data foi definida nesta ter\u00e7a-feira (26) ap\u00f3s reuni\u00e3o entre representantes do governo [&hellip;]<\/p>\n","protected":false},"author":4,"featured_media":18925,"comment_status":"closed","ping_status":"closed","sticky":false,"template":"","format":"standard","meta":{"footnotes":""},"categories":[27],"tags":[],"class_list":["post-19527","post","type-post","status-publish","format-standard","has-post-thumbnail","hentry","category-educacao"],"_links":{"self":[{"href":"https:\/\/www.ocorreionews.com.br\/acervo-correio\/index.php?rest_route=\/wp\/v2\/posts\/19527","targetHints":{"allow":["GET"]}}],"collection":[{"href":"https:\/\/www.ocorreionews.com.br\/acervo-correio\/index.php?rest_route=\/wp\/v2\/posts"}],"about":[{"href":"https:\/\/www.ocorreionews.com.br\/acervo-correio\/index.php?rest_route=\/wp\/v2\/types\/post"}],"author":[{"embeddable":true,"href":"https:\/\/www.ocorreionews.com.br\/acervo-correio\/index.php?rest_route=\/wp\/v2\/users\/4"}],"replies":[{"embeddable":true,"href":"https:\/\/www.ocorreionews.com.br\/acervo-correio\/index.php?rest_route=%2Fwp%2Fv2%2Fcomments&post=19527"}],"version-history":[{"count":0,"href":"https:\/\/www.ocorreionews.com.br\/acervo-correio\/index.php?rest_route=\/wp\/v2\/posts\/19527\/revisions"}],"wp:featuredmedia":[{"embeddable":true,"href":"https:\/\/www.ocorreionews.com.br\/acervo-correio\/index.php?rest_route=\/wp\/v2\/media\/18925"}],"wp:attachment":[{"href":"https:\/\/www.ocorreionews.com.br\/acervo-correio\/index.php?rest_route=%2Fwp%2Fv2%2Fmedia&parent=19527"}],"wp:term":[{"taxonomy":"category","embeddable":true,"href":"https:\/\/www.ocorreionews.com.br\/acervo-correio\/index.php?rest_route=%2Fwp%2Fv2%2Fcategories&post=19527"},{"taxonomy":"post_tag","embeddable":true,"href":"https:\/\/www.ocorreionews.com.br\/acervo-correio\/index.php?rest_route=%2Fwp%2Fv2%2Ftags&post=19527"}],"curies":[{"name":"wp","href":"https:\/\/api.w.org\/{rel}","templated":true}]}}