{"id":19531,"date":"2016-01-27T08:18:16","date_gmt":"2016-01-27T11:18:16","guid":{"rendered":"https:\/\/ocorreionews.com.br\/?p=19531"},"modified":"2016-01-27T08:18:16","modified_gmt":"2016-01-27T11:18:16","slug":"policia-militar-apreende-menor-que-agrediu-servidor-que-combatia-a-dengue-em-chapadao-do-sul","status":"publish","type":"post","link":"https:\/\/www.ocorreionews.com.br\/acervo-correio\/?p=19531","title":{"rendered":"Policia Militar apreende menor que agrediu servidor que combatia a dengue em Chapad\u00e3o do Sul"},"content":{"rendered":"<p>A Pol\u00edcia Militar de Chapad\u00e3o do Sul teve que intervir com energia para apreender um menor infrator que tentava impedir a a\u00e7\u00e3o dos integrantes da for\u00e7a tarefa que combatem a dengue no bairro Sibipiruna. Um foco do mosquito foi localizado no im\u00f3vel e coletado por um soldado do ex\u00e9rcito. Sem nenhum sinal de civilidade ou educa\u00e7\u00e3o A.S. (15) pegou a mostra de forma agressiva, jogou e come\u00e7ou a ofender os servidores e os militares que d\u00e3o suporte no trabalho de vistoria nos terrenos. Agrediu verbalmente at\u00e9 os Pms que decidiram lev\u00e1-lo por desacato e entreg\u00e1-lo na delegacia de Pol\u00edcia Civil.<\/p>\n<p>Este foi o primeiro incidente registrado desde o in\u00edcio do Plano de A\u00e7\u00e3o de combate \u00e0 dengue em Chapad\u00e3o do Sul na segunda-feira (25). A.S. e sua fam\u00edlia residem na rua S\u00e3o Jos\u00e9 dos Pinhais h\u00e1 cerca de duas semanas. Eles migraram de Atalaia (Alagoas) h\u00e1 duas porque possuem parente que trabalha numa fazenda. Todos est\u00e3o desempregados e o menor admitiu ser usu\u00e1rio de drogas e antecedentes criminais em seu estado natal.<\/p>\n<p><strong>AGRESSIVIDADE<\/strong> \u2013 Causou estranheza o grau de agressividade do rapaz contra os integrantes da for\u00e7a tarefa. Ele ficou fora de controle diante da farda dos soldados do ex\u00e9rcito e posteriormente com a presen\u00e7a dos Policiais Militares (jalecos azuis). Aparentemente a representa\u00e7\u00e3o da lei desperta algum tipo de desiquil\u00edbrio na mente do jovem.<\/p>\n<p>&nbsp;<\/p>\n<p>&nbsp;<\/p>\n<p>Chapadense News<\/p>\n","protected":false},"excerpt":{"rendered":"<p>A Pol\u00edcia Militar de Chapad\u00e3o do Sul teve que intervir com energia para apreender um menor infrator que tentava impedir a a\u00e7\u00e3o dos integrantes da for\u00e7a tarefa que combatem a dengue no bairro Sibipiruna. Um foco do mosquito foi localizado no im\u00f3vel e coletado por um soldado do ex\u00e9rcito. Sem nenhum sinal de civilidade ou [&hellip;]<\/p>\n","protected":false},"author":4,"featured_media":19532,"comment_status":"closed","ping_status":"closed","sticky":false,"template":"","format":"standard","meta":{"footnotes":""},"categories":[23,38],"tags":[],"class_list":["post-19531","post","type-post","status-publish","format-standard","has-post-thumbnail","hentry","category-chapadao-do-sul","category-policia"],"_links":{"self":[{"href":"https:\/\/www.ocorreionews.com.br\/acervo-correio\/index.php?rest_route=\/wp\/v2\/posts\/19531","targetHints":{"allow":["GET"]}}],"collection":[{"href":"https:\/\/www.ocorreionews.com.br\/acervo-correio\/index.php?rest_route=\/wp\/v2\/posts"}],"about":[{"href":"https:\/\/www.ocorreionews.com.br\/acervo-correio\/index.php?rest_route=\/wp\/v2\/types\/post"}],"author":[{"embeddable":true,"href":"https:\/\/www.ocorreionews.com.br\/acervo-correio\/index.php?rest_route=\/wp\/v2\/users\/4"}],"replies":[{"embeddable":true,"href":"https:\/\/www.ocorreionews.com.br\/acervo-correio\/index.php?rest_route=%2Fwp%2Fv2%2Fcomments&post=19531"}],"version-history":[{"count":0,"href":"https:\/\/www.ocorreionews.com.br\/acervo-correio\/index.php?rest_route=\/wp\/v2\/posts\/19531\/revisions"}],"wp:featuredmedia":[{"embeddable":true,"href":"https:\/\/www.ocorreionews.com.br\/acervo-correio\/index.php?rest_route=\/wp\/v2\/media\/19532"}],"wp:attachment":[{"href":"https:\/\/www.ocorreionews.com.br\/acervo-correio\/index.php?rest_route=%2Fwp%2Fv2%2Fmedia&parent=19531"}],"wp:term":[{"taxonomy":"category","embeddable":true,"href":"https:\/\/www.ocorreionews.com.br\/acervo-correio\/index.php?rest_route=%2Fwp%2Fv2%2Fcategories&post=19531"},{"taxonomy":"post_tag","embeddable":true,"href":"https:\/\/www.ocorreionews.com.br\/acervo-correio\/index.php?rest_route=%2Fwp%2Fv2%2Ftags&post=19531"}],"curies":[{"name":"wp","href":"https:\/\/api.w.org\/{rel}","templated":true}]}}