{"id":19534,"date":"2016-01-27T08:20:26","date_gmt":"2016-01-27T11:20:26","guid":{"rendered":"https:\/\/ocorreionews.com.br\/?p=19534"},"modified":"2016-01-27T08:20:26","modified_gmt":"2016-01-27T11:20:26","slug":"receita-reduz-idade-minima-exigida-para-inscricao-no-cpf","status":"publish","type":"post","link":"https:\/\/www.ocorreionews.com.br\/acervo-correio\/?p=19534","title":{"rendered":"Receita reduz idade m\u00ednima exigida para inscri\u00e7\u00e3o no CPF"},"content":{"rendered":"<p>A partir de agora, a inscri\u00e7\u00e3o no Cadastro de Pessoas F\u00edsicas (CPF) \u00e9 obrigat\u00f3rio para dependentes citados na Declara\u00e7\u00e3o do Imposto de Renda da Pessoa F\u00edsica (DIRPF) com 14 anos ou mais. Antes da altera\u00e7\u00e3o, a exig\u00eancia valia para dependentes com 16 anos ou mais.<\/p>\n<p>A mudan\u00e7a foi estabelecida por meio de instru\u00e7\u00e3o normativa publicada no Di\u00e1rio Oficial da Uni\u00e3o (DOU) desta segunda-feira, 25 de janeiro. A Receita Federal justifica que a redu\u00e7\u00e3o da idade reduz o risco de fraudes relacionadas a inclus\u00e3o de dependente. A medida tamb\u00e9m evita a inclus\u00e3o de um mesmo dependente em mais de uma declara\u00e7\u00e3o.<\/p>\n<p>A inclus\u00e3o de dependentes na declara\u00e7\u00e3o de Imposto de Renda permite que o contribuinte deduza v\u00e1rias despesas e, com isso, recolha menos imposto ou receba uma restitui\u00e7\u00e3o maior. Em 2015, cerca de 890 mil dependentes se encontravam na faixa et\u00e1ria igual a 14 ou 15 anos. A altera\u00e7\u00e3o j\u00e1 vale para a declara\u00e7\u00e3o deste ano.<\/p>\n<p><strong>Emiss\u00e3o do CPF<\/strong><\/p>\n<p>Recentemente, em alguns Estados brasileiros, tornou-se dispon\u00edvel um novo servi\u00e7o ao cidad\u00e3o que permite a emiss\u00e3o do Cadastro de Pessoa F\u00edsica (CPF) no momento em que \u00e9 feito o registro da certid\u00e3o de nascimento. O CPF \u00e9 um banco de dados gerenciado pela Receita que armazena informa\u00e7\u00f5es cadastrais de contribuintes obrigados \u00e0 inscri\u00e7\u00e3o no CPF, ou de cidad\u00e3os que se inscreveram voluntariamente.<\/p>\n<p><em>*Ag\u00eancia CNM, com informa\u00e7\u00f5es da Receita Federal<\/em><\/p>\n","protected":false},"excerpt":{"rendered":"<p>A partir de agora, a inscri\u00e7\u00e3o no Cadastro de Pessoas F\u00edsicas (CPF) \u00e9 obrigat\u00f3rio para dependentes citados na Declara\u00e7\u00e3o do Imposto de Renda da Pessoa F\u00edsica (DIRPF) com 14 anos ou mais. Antes da altera\u00e7\u00e3o, a exig\u00eancia valia para dependentes com 16 anos ou mais. A mudan\u00e7a foi estabelecida por meio de instru\u00e7\u00e3o normativa publicada [&hellip;]<\/p>\n","protected":false},"author":4,"featured_media":19535,"comment_status":"closed","ping_status":"closed","sticky":false,"template":"","format":"standard","meta":{"footnotes":""},"categories":[31],"tags":[],"class_list":["post-19534","post","type-post","status-publish","format-standard","has-post-thumbnail","hentry","category-geral"],"_links":{"self":[{"href":"https:\/\/www.ocorreionews.com.br\/acervo-correio\/index.php?rest_route=\/wp\/v2\/posts\/19534","targetHints":{"allow":["GET"]}}],"collection":[{"href":"https:\/\/www.ocorreionews.com.br\/acervo-correio\/index.php?rest_route=\/wp\/v2\/posts"}],"about":[{"href":"https:\/\/www.ocorreionews.com.br\/acervo-correio\/index.php?rest_route=\/wp\/v2\/types\/post"}],"author":[{"embeddable":true,"href":"https:\/\/www.ocorreionews.com.br\/acervo-correio\/index.php?rest_route=\/wp\/v2\/users\/4"}],"replies":[{"embeddable":true,"href":"https:\/\/www.ocorreionews.com.br\/acervo-correio\/index.php?rest_route=%2Fwp%2Fv2%2Fcomments&post=19534"}],"version-history":[{"count":0,"href":"https:\/\/www.ocorreionews.com.br\/acervo-correio\/index.php?rest_route=\/wp\/v2\/posts\/19534\/revisions"}],"wp:featuredmedia":[{"embeddable":true,"href":"https:\/\/www.ocorreionews.com.br\/acervo-correio\/index.php?rest_route=\/wp\/v2\/media\/19535"}],"wp:attachment":[{"href":"https:\/\/www.ocorreionews.com.br\/acervo-correio\/index.php?rest_route=%2Fwp%2Fv2%2Fmedia&parent=19534"}],"wp:term":[{"taxonomy":"category","embeddable":true,"href":"https:\/\/www.ocorreionews.com.br\/acervo-correio\/index.php?rest_route=%2Fwp%2Fv2%2Fcategories&post=19534"},{"taxonomy":"post_tag","embeddable":true,"href":"https:\/\/www.ocorreionews.com.br\/acervo-correio\/index.php?rest_route=%2Fwp%2Fv2%2Ftags&post=19534"}],"curies":[{"name":"wp","href":"https:\/\/api.w.org\/{rel}","templated":true}]}}