{"id":19540,"date":"2016-01-27T08:32:14","date_gmt":"2016-01-27T11:32:14","guid":{"rendered":"https:\/\/ocorreionews.com.br\/?p=19540"},"modified":"2016-01-27T08:32:14","modified_gmt":"2016-01-27T11:32:14","slug":"prefeito-de-costa-rica-decreta-situacao-de-emergencia-devido-a-epidemia-de-dengue-e-introducao-dos-virus-zika-e-chicungunya","status":"publish","type":"post","link":"https:\/\/www.ocorreionews.com.br\/acervo-correio\/?p=19540","title":{"rendered":"Prefeito de Costa Rica decreta situa\u00e7\u00e3o de emerg\u00eancia devido \u00e0 epidemia de Dengue e introdu\u00e7\u00e3o dos v\u00edrus Zika e Chicungunya"},"content":{"rendered":"<div class=\"marginBottom30px link-Internas\">\n<p>O prefeito Waldeli dos Santos Rosa assinou na \u00faltima segunda-feira, 25 de janeiro de 2016, o Decreto N\u00b0 4.401, que \u201cDeclara Situa\u00e7\u00e3o de Emerg\u00eancia no Munic\u00edpio de Costa Rica, Estado de Mato Grosso do Sul, por epidemia de dengue e introdu\u00e7\u00e3o dos v\u00edrus zika e chicungunya (COBRADE \u2013 15.110)\u201d.<\/p>\n<p>De acordo com o Art. 1\u00b0 do decreto, \u201cfica declarada a Situa\u00e7\u00e3o de Emerg\u00eancia, a n\u00edvel Municipal, pelo prazo de 180 dias, em raz\u00e3o da Epidemia por Doen\u00e7as Infecciosas Virais (COBRADE &#8211; 15.110)\u201d. E ainda, conforme o Paragrafo \u00danico fica autorizo a mobiliza\u00e7\u00e3o de todos os \u00f3rg\u00e3os estaduais competentes para atuarem, sob a coordena\u00e7\u00e3o da Secretaria Municipal de Sa\u00fade, na ado\u00e7\u00e3o de medidas administrativas preventivas e corretivas necess\u00e1rias \u00e0 imediata resposta por parte do Poder P\u00fablico \u00e0 situa\u00e7\u00e3o vigente.<\/p>\n<p>O decreto traz ainda no Art. 2\u00ba que \u201cficam as autoridades administrativas e os servidores, diretamente respons\u00e1veis pelas a\u00e7\u00f5es de resposta \u00e0 situa\u00e7\u00e3o de emerg\u00eancia, em caso de risco iminente\u201d, autorizados a adentrar, no hor\u00e1rio de 7h \u00e0s 17 horas, devidamente identificados e acompanhados de autoridade policial, se necess\u00e1rio, os im\u00f3veis desocupados ou abandonados e aqueles habitados em que houve recusa ou oposi\u00e7\u00e3o de ingresso por parte de seus propriet\u00e1rios, respeitado o procedimento previsto na Lei Estadual N. \u00ba 4.812, de 7 de janeiro de 2016; e requisitar de bens e servi\u00e7os, tanto de pessoas naturais como de jur\u00eddicas, nos termos do inciso XIII, do caput, do art. 15, da Lei Federal N.\u00ba 8.080, de 19 de setembro de 1990, e do inciso XXV, do art. 5.\u00ba, da Constitui\u00e7\u00e3o Federal;<\/p>\n<p>Conforme o prefeito Waldeli, &#8220;o que as pessoas precisam entender \u00e9 que trata-se de um momento de extrema gravidade, muito preocupante, com risco de termos uma gera\u00e7\u00e3o afetada\u201d, alegou.<\/p>\n<p>Segundo a secret\u00e1ria de Sa\u00fade, Adriana Tobal, para evitar a prolifera\u00e7\u00e3o da dengue em 2016, o Munic\u00edpio est\u00e1 adotando medidas s\u00e9rias, a exemplo da cria\u00e7\u00e3o do Comit\u00ea Municipal de Mobiliza\u00e7\u00e3o, Preven\u00e7\u00e3o e Combate ao vetor Aedes Aegypti. \u201cEstamos trabalhando dia e noite, \u00e9 grande a preocupa\u00e7\u00e3o sobre a incid\u00eancia de outras doen\u00e7as, como a febre chikungunya e a zika, tamb\u00e9m transmitidas pelo mosquito\u201d.<\/p>\n<p>O<a href=\"http:\/\/costarica.ms.gov.br\/up\/DiarioOficial\/2016_01_26\/DiarioOficial-1453813674_18603.pdf\"><strong> Decreto N\u00b0 4.401 <\/strong><\/a>na Edi\u00e7\u00e3o N\u00ba 1.602\/Ano X, do DIOCRI &#8211; Di\u00e1rio Oficial do Munic\u00edpio de Costa Rica \u2013 MS, de 26 de janeiro de 2016 (ter\u00e7a-feira) na P\u00e1gina 01,<\/p>\n<p><a href=\"https:\/\/ocorreionews.com.br\/wp-content\/uploads\/2016\/01\/guerra-contra-dengue1.jpg\" rel=\"attachment wp-att-19542\"><img loading=\"lazy\" decoding=\"async\" class=\"alignnone wp-image-19542 size-full\" src=\"https:\/\/ocorreionews.com.br\/wp-content\/uploads\/2016\/01\/guerra-contra-dengue1.jpg\" alt=\"guerra contra dengue1\" width=\"800\" height=\"1100\" srcset=\"https:\/\/www.ocorreionews.com.br\/acervo-correio\/wp-content\/uploads\/2016\/01\/guerra-contra-dengue1.jpg 800w, https:\/\/www.ocorreionews.com.br\/acervo-correio\/wp-content\/uploads\/2016\/01\/guerra-contra-dengue1-218x300.jpg 218w, https:\/\/www.ocorreionews.com.br\/acervo-correio\/wp-content\/uploads\/2016\/01\/guerra-contra-dengue1-768x1056.jpg 768w, https:\/\/www.ocorreionews.com.br\/acervo-correio\/wp-content\/uploads\/2016\/01\/guerra-contra-dengue1-745x1024.jpg 745w\" sizes=\"auto, (max-width: 800px) 100vw, 800px\" \/><\/a><\/p>\n<\/div>\n<div class=\"marginBottom30px link-Internas\">ASSECOM\/PMCR<\/div>\n","protected":false},"excerpt":{"rendered":"<p>O prefeito Waldeli dos Santos Rosa assinou na \u00faltima segunda-feira, 25 de janeiro de 2016, o Decreto N\u00b0 4.401, que \u201cDeclara Situa\u00e7\u00e3o de Emerg\u00eancia no Munic\u00edpio de Costa Rica, Estado de Mato Grosso do Sul, por epidemia de dengue e introdu\u00e7\u00e3o dos v\u00edrus zika e chicungunya (COBRADE \u2013 15.110)\u201d. De acordo com o Art. 1\u00b0 [&hellip;]<\/p>\n","protected":false},"author":4,"featured_media":19541,"comment_status":"closed","ping_status":"closed","sticky":false,"template":"","format":"standard","meta":{"footnotes":""},"categories":[25],"tags":[],"class_list":["post-19540","post","type-post","status-publish","format-standard","has-post-thumbnail","hentry","category-costa-rica"],"_links":{"self":[{"href":"https:\/\/www.ocorreionews.com.br\/acervo-correio\/index.php?rest_route=\/wp\/v2\/posts\/19540","targetHints":{"allow":["GET"]}}],"collection":[{"href":"https:\/\/www.ocorreionews.com.br\/acervo-correio\/index.php?rest_route=\/wp\/v2\/posts"}],"about":[{"href":"https:\/\/www.ocorreionews.com.br\/acervo-correio\/index.php?rest_route=\/wp\/v2\/types\/post"}],"author":[{"embeddable":true,"href":"https:\/\/www.ocorreionews.com.br\/acervo-correio\/index.php?rest_route=\/wp\/v2\/users\/4"}],"replies":[{"embeddable":true,"href":"https:\/\/www.ocorreionews.com.br\/acervo-correio\/index.php?rest_route=%2Fwp%2Fv2%2Fcomments&post=19540"}],"version-history":[{"count":0,"href":"https:\/\/www.ocorreionews.com.br\/acervo-correio\/index.php?rest_route=\/wp\/v2\/posts\/19540\/revisions"}],"wp:featuredmedia":[{"embeddable":true,"href":"https:\/\/www.ocorreionews.com.br\/acervo-correio\/index.php?rest_route=\/wp\/v2\/media\/19541"}],"wp:attachment":[{"href":"https:\/\/www.ocorreionews.com.br\/acervo-correio\/index.php?rest_route=%2Fwp%2Fv2%2Fmedia&parent=19540"}],"wp:term":[{"taxonomy":"category","embeddable":true,"href":"https:\/\/www.ocorreionews.com.br\/acervo-correio\/index.php?rest_route=%2Fwp%2Fv2%2Fcategories&post=19540"},{"taxonomy":"post_tag","embeddable":true,"href":"https:\/\/www.ocorreionews.com.br\/acervo-correio\/index.php?rest_route=%2Fwp%2Fv2%2Ftags&post=19540"}],"curies":[{"name":"wp","href":"https:\/\/api.w.org\/{rel}","templated":true}]}}