{"id":19555,"date":"2016-01-27T08:59:27","date_gmt":"2016-01-27T11:59:27","guid":{"rendered":"https:\/\/ocorreionews.com.br\/?p=19555"},"modified":"2016-01-27T08:59:27","modified_gmt":"2016-01-27T11:59:27","slug":"cadastramento-de-produtores-para-o-cultivo-de-soja-cresce-14-no-estado","status":"publish","type":"post","link":"https:\/\/www.ocorreionews.com.br\/acervo-correio\/?p=19555","title":{"rendered":"Cadastramento de produtores para o cultivo de soja cresce 14% no Estado"},"content":{"rendered":"<p>A ampla divulga\u00e7\u00e3o sobre a obrigatoriedade e sans\u00f5es previstas em lei, assim como o empenho da equipe da Divis\u00e3o de Defesa Sanit\u00e1ria Vegetal, foram fatores que colaboraram para uma maior conscientiza\u00e7\u00e3o dos produtores sobre a import\u00e2ncia da realiza\u00e7\u00e3o do cadastro da \u00e1rea onde iriam cultivar a soja, fazendo com que o Governo do Estado de Mato Grosso do Sul, atrav\u00e9s da Ag\u00eancia Estadual de Defesa Sanit\u00e1ria Animal e Vegetal (Iagro) registrasse um aumento significativo, nesta safra.<\/p>\n<p>O acr\u00e9scimo de 14% no n\u00famero de produtores cadastrados na safra 2015\/2016 em rela\u00e7\u00e3o \u00e0 \u00faltima safra, 2014\/2015 \u2013 que passou de 10.282 para 11.736 \u2013 foi observado pelo chefe da Divis\u00e3o de Defesa Vegetal de Mato Grosso do Sul,\u00a0<em>Filipe Portocarrero<\/em>\u00a0Petelinkar, como resultado das visitas t\u00e9cnicas orientativas realizadas pela equipe da Divis\u00e3o nos assentamentos rurais, do trabalho dos \u00f3rg\u00e3os de Governo, institui\u00e7\u00f5es parcerias e dos sindicatos rurais que intensificaram a divulga\u00e7\u00e3o e tamb\u00e9m da receptividade dos produtores.<\/p>\n<p>Segundo Portocarrero, esses fatores associados \u00e0 decis\u00e3o do Estado de prorrogar o prazo em 30 dias \u2013 finalizando os cadastros em 10 de janeiro deste ano, e n\u00e3o em 10 de dezembro de 2015, como estava previsto anteriormente \u2013 tamb\u00e9m foram relevantes e colaboraram para que os n\u00fameros fossem maiores.<\/p>\n<p>O pedido partiu da Aprosoja\/Famasul, importante parceira do Governo do Estado nas mais diversas a\u00e7\u00f5es voltadas ao setor produtivo. J\u00e1 a amplia\u00e7\u00e3o do registro de \u00e1reas, que teve incremento de 8,6%, tamb\u00e9m pode estar relacionada, segundo Filipe, a fatores como o bom momento por que passa o setor produtivo, as varia\u00e7\u00f5es cambiais e a incorpora\u00e7\u00e3o de novas tecnologias aos sistemas.<\/p>\n<p>Em rela\u00e7\u00e3o \u00e0 \u00e1rea estimada pelo IBGE, que seria de 2.421.000 de hectares, houve um acr\u00e9scimo superior a 97.000 hectares e em rela\u00e7\u00e3o \u00e0 \u00e1rea que foi efetivamente cadastrada na safra anterior o incremento foi de 169.600 hectares, conforme podemos conferir na tabela que segue:<\/p>\n<table width=\"102%\">\n<tbody>\n<tr>\n<td colspan=\"6\" width=\"91%\"><strong>\u00a0Dados Vazio Sanit\u00e1rio<\/strong><\/td>\n<td width=\"5%\"><\/td>\n<\/tr>\n<tr>\n<td width=\"17%\">Safra<\/td>\n<td width=\"16%\">\u00c1r. Plantio (Estimativa IBGE) (mil ha)<\/td>\n<td width=\"14%\">\u00c1r. cadastrada (mil ha)<\/td>\n<td width=\"15%\">Produtores Cadastrados<\/td>\n<td width=\"15%\">% \u00c1rea Cadastrada<\/td>\n<td width=\"11%\">\u00c1rea Fiscalizada (mil ha)<\/td>\n<td width=\"5%\"><\/td>\n<\/tr>\n<tr>\n<td width=\"17%\">06\/07<\/td>\n<td width=\"16%\">1.737<\/td>\n<td width=\"14%\">350,0<\/td>\n<td width=\"15%\">\u2013<\/td>\n<td width=\"15%\">20,1%<\/td>\n<td width=\"11%\">650<\/td>\n<td width=\"5%\"><\/td>\n<\/tr>\n<tr>\n<td width=\"17%\">07\/08<\/td>\n<td width=\"16%\">1.731<\/td>\n<td width=\"14%\">1.297,0<\/td>\n<td width=\"15%\">\u2013<\/td>\n<td width=\"15%\">74,9%<\/td>\n<td width=\"11%\">648<\/td>\n<td width=\"5%\"><\/td>\n<\/tr>\n<tr>\n<td width=\"17%\">08\/09<\/td>\n<td width=\"16%\">1.715<\/td>\n<td width=\"14%\">1.356,0<\/td>\n<td width=\"15%\">\u2013<\/td>\n<td width=\"15%\">79,1%<\/td>\n<td width=\"11%\">1.055<\/td>\n<td width=\"5%\"><\/td>\n<\/tr>\n<tr>\n<td width=\"17%\">09\/10<\/td>\n<td width=\"16%\">1.712<\/td>\n<td width=\"14%\">1.444,0<\/td>\n<td width=\"15%\">\u2013<\/td>\n<td width=\"15%\">84,3%<\/td>\n<td width=\"11%\">741<\/td>\n<td width=\"5%\"><\/td>\n<\/tr>\n<tr>\n<td width=\"17%\">10\/11<\/td>\n<td width=\"16%\">1.760<\/td>\n<td width=\"14%\">1.411,0<\/td>\n<td width=\"15%\">\u2013<\/td>\n<td width=\"15%\">80,2%<\/td>\n<td width=\"11%\">1.415<\/td>\n<td width=\"5%\"><\/td>\n<\/tr>\n<tr>\n<td width=\"17%\">11\/12<\/td>\n<td width=\"16%\">1.815<\/td>\n<td width=\"14%\">1.481,0<\/td>\n<td width=\"15%\">\u2013<\/td>\n<td width=\"15%\">81,6%<\/td>\n<td width=\"11%\">906<\/td>\n<td width=\"5%\"><\/td>\n<\/tr>\n<tr>\n<td width=\"17%\">12\/13<\/td>\n<td width=\"16%\">2.017<\/td>\n<td width=\"14%\">1.557,0<\/td>\n<td width=\"15%\">\u2013<\/td>\n<td width=\"15%\">77,2%<\/td>\n<td width=\"11%\">812<\/td>\n<td width=\"5%\"><\/td>\n<\/tr>\n<tr>\n<td width=\"17%\">13\/14<\/td>\n<td width=\"16%\">2.147<\/td>\n<td width=\"14%\">1.695,0<\/td>\n<td width=\"15%\">\u2013<\/td>\n<td width=\"15%\">78,9%<\/td>\n<td width=\"11%\">1.249<\/td>\n<td width=\"5%\"><\/td>\n<\/tr>\n<tr>\n<td width=\"17%\">14\/15<\/td>\n<td width=\"16%\">2.324<\/td>\n<td width=\"14%\">1.979,0<\/td>\n<td width=\"15%\">10.282<\/td>\n<td width=\"15%\">85,2%<\/td>\n<td width=\"11%\">1.434<\/td>\n<td width=\"5%\"><\/td>\n<\/tr>\n<tr>\n<td width=\"17%\">15\/16<\/td>\n<td width=\"16%\">2.421<\/td>\n<td width=\"14%\">2.148,6<\/td>\n<td width=\"15%\">11.736<\/td>\n<td width=\"15%\">88,7%<\/td>\n<td width=\"11%\">0<\/td>\n<td width=\"5%\"><\/td>\n<\/tr>\n<tr>\n<td rowspan=\"2\" width=\"17%\">Acr\u00e9scimo em rela\u00e7\u00e3o a ultima safra<\/td>\n<td width=\"16%\">97,11<\/td>\n<td width=\"14%\">169,6<\/td>\n<td width=\"15%\">1.454<\/td>\n<td width=\"15%\"><\/td>\n<td width=\"11%\"><\/td>\n<td width=\"5%\"><\/td>\n<\/tr>\n<tr>\n<td width=\"16%\">4,18%<\/td>\n<td width=\"14%\">8,6%<\/td>\n<td width=\"15%\">14,1%<\/td>\n<td width=\"15%\"><\/td>\n<td width=\"11%\"><\/td>\n<td width=\"5%\"><\/td>\n<\/tr>\n<\/tbody>\n<\/table>\n<p><em>Fonte: IAGRO<\/em><\/p>\n<p><em>Kelly Ventorim \u2013 Sepaf<\/em><\/p>\n","protected":false},"excerpt":{"rendered":"<p>A ampla divulga\u00e7\u00e3o sobre a obrigatoriedade e sans\u00f5es previstas em lei, assim como o empenho da equipe da Divis\u00e3o de Defesa Sanit\u00e1ria Vegetal, foram fatores que colaboraram para uma maior conscientiza\u00e7\u00e3o dos produtores sobre a import\u00e2ncia da realiza\u00e7\u00e3o do cadastro da \u00e1rea onde iriam cultivar a soja, fazendo com que o Governo do Estado de [&hellip;]<\/p>\n","protected":false},"author":4,"featured_media":12045,"comment_status":"closed","ping_status":"closed","sticky":false,"template":"","format":"standard","meta":{"footnotes":""},"categories":[17],"tags":[],"class_list":["post-19555","post","type-post","status-publish","format-standard","has-post-thumbnail","hentry","category-agropecuaria"],"_links":{"self":[{"href":"https:\/\/www.ocorreionews.com.br\/acervo-correio\/index.php?rest_route=\/wp\/v2\/posts\/19555","targetHints":{"allow":["GET"]}}],"collection":[{"href":"https:\/\/www.ocorreionews.com.br\/acervo-correio\/index.php?rest_route=\/wp\/v2\/posts"}],"about":[{"href":"https:\/\/www.ocorreionews.com.br\/acervo-correio\/index.php?rest_route=\/wp\/v2\/types\/post"}],"author":[{"embeddable":true,"href":"https:\/\/www.ocorreionews.com.br\/acervo-correio\/index.php?rest_route=\/wp\/v2\/users\/4"}],"replies":[{"embeddable":true,"href":"https:\/\/www.ocorreionews.com.br\/acervo-correio\/index.php?rest_route=%2Fwp%2Fv2%2Fcomments&post=19555"}],"version-history":[{"count":0,"href":"https:\/\/www.ocorreionews.com.br\/acervo-correio\/index.php?rest_route=\/wp\/v2\/posts\/19555\/revisions"}],"wp:featuredmedia":[{"embeddable":true,"href":"https:\/\/www.ocorreionews.com.br\/acervo-correio\/index.php?rest_route=\/wp\/v2\/media\/12045"}],"wp:attachment":[{"href":"https:\/\/www.ocorreionews.com.br\/acervo-correio\/index.php?rest_route=%2Fwp%2Fv2%2Fmedia&parent=19555"}],"wp:term":[{"taxonomy":"category","embeddable":true,"href":"https:\/\/www.ocorreionews.com.br\/acervo-correio\/index.php?rest_route=%2Fwp%2Fv2%2Fcategories&post=19555"},{"taxonomy":"post_tag","embeddable":true,"href":"https:\/\/www.ocorreionews.com.br\/acervo-correio\/index.php?rest_route=%2Fwp%2Fv2%2Ftags&post=19555"}],"curies":[{"name":"wp","href":"https:\/\/api.w.org\/{rel}","templated":true}]}}