{"id":19559,"date":"2016-01-27T12:50:49","date_gmt":"2016-01-27T15:50:49","guid":{"rendered":"https:\/\/ocorreionews.com.br\/?p=19559"},"modified":"2016-01-27T12:50:49","modified_gmt":"2016-01-27T15:50:49","slug":"policia-civil-de-paranaiba-investiga-e-descobre-quem-colocava-celular-dentro-do-presidio","status":"publish","type":"post","link":"https:\/\/www.ocorreionews.com.br\/acervo-correio\/?p=19559","title":{"rendered":"Policia Civil de Parana\u00edba investiga e descobre quem colocava celular dentro do presidio"},"content":{"rendered":"<p style=\"text-align: justify;\">A Pol\u00edcia Civil de Parana\u00edba deflagrou hoje a opera\u00e7\u00e3o \u201cselaria off-line\u201d na qual vinha trabalhando acerca de cinco meses. Esta investiga\u00e7\u00e3o visou coibir a entrada de aparelhos celulares no Estabelecimento Penal de Parana\u00edba \u2013 EPPAR. O S.I.G. passou os \u00faltimos meses fazendo acompanhamento e identificando algumas pessoas respons\u00e1veis pela arrecada\u00e7\u00e3o e envio de celulares ao Estabelecimento Penal. Durante este per\u00edodo os Investigadores do S.I.G. identificaram a pessoa de ANT\u00d4NIO FERREIRA DA SILVA (60) o qual possui uma selaria no interior do pres\u00eddio como sendo a pessoa respons\u00e1vel por colocar os celulares para dentro do estabelecimento penal; com isso, ANT\u00d4NIO, se aproveitava da facilidade que tinha de entrar e sair do estabelecimento penal, para entrar com os aparelhos celulares.<\/p>\n<p style=\"text-align: justify;\">Durante os trabalhos foram identificadas outras pessoas que faziam a arrecada\u00e7\u00e3o dos aparelhos celulares na cidade e entregavam para ANT\u00d4NIO. Assim os celulares eram levados para o pres\u00eddio. Muitos desses celulares eram oriundos de furtos e roubos ocorridos na cidade os quais foram trocados nas \u201cbocas de fumo\u201d e depois para o pres\u00eddio.<\/p>\n<p style=\"text-align: justify;\">Na data de hoje, por volta das 7:00hrs, uma equipe do S.I.G. realizou uma campana para acompanhar ANT\u00d4NIO. Durante o acompanhamento os Investigadores observaram e fotografaram o momento em que CARLA FERNANDA ALVES (21), conduzindo um ve\u00edculo Chevette de cor branca, chegou at\u00e9 a casa de ANT\u00d4NIO e lhe entregou um embrulho vermelho o qual posteriormente foi encontrado com ANT\u00d4NIO contendo quatro aparelhos celulares. ANT\u00d4NIO foi preso em flagrante no momento em que chegou ao pres\u00eddio para \u201ctrabalhar\u201d. Posteriormente foi realizada uma busca na selaria de ANT\u00d4NIO, dentro do Estabelecimento Penal de Parana\u00edba, pelos Agentes Penitenci\u00e1rios, onde foi encontrada uma garrafa t\u00e9rmica artesanal com fundo falso, algumas cabe\u00e7adas de madeira (para fabrica\u00e7\u00e3o de arreios) tamb\u00e9m com fundo falso utilizadas na selaria al\u00e9m de uma caixa com um celular escondido dentro de uma meia, uma sacola com um carregador escondido dentro de erva de terer\u00e9 e uma por\u00e7\u00e3o de 15 gramas de maconha em uma estante. Onde tamb\u00e9m foram encontrados escondidos alguns aparelhos celulares al\u00e9m de carregadores e fones de ouvido. ANT\u00d4NIO e CARLA foram presos em flagrante pelos crimes de: Associa\u00e7\u00e3o Criminosa e Favorecimento Real. ELIVANDRO PEREIRA DE FREITAS (31), marido de CARLA, que j\u00e1 se encontra preso por tr\u00e1fico de drogas, tamb\u00e9m foi autuado em flagrante pelos mesmos crimes. As outras pessoas identificadas como sendo tamb\u00e9m respons\u00e1veis pelas arrecada\u00e7\u00f5es e entregas dos celulares ser\u00e3o indiciadas para tamb\u00e9m responderem pelos seus crimes.<\/p>\n<p style=\"text-align: justify;\"><a href=\"https:\/\/ocorreionews.com.br\/wp-content\/uploads\/2016\/01\/pba-sdela4.jpg\" rel=\"attachment wp-att-19563\"><img loading=\"lazy\" decoding=\"async\" class=\"alignnone size-medium wp-image-19563\" src=\"https:\/\/ocorreionews.com.br\/wp-content\/uploads\/2016\/01\/pba-sdela4-169x300.jpg\" alt=\"pba sdela4\" width=\"169\" height=\"300\" srcset=\"https:\/\/www.ocorreionews.com.br\/acervo-correio\/wp-content\/uploads\/2016\/01\/pba-sdela4-169x300.jpg 169w, https:\/\/www.ocorreionews.com.br\/acervo-correio\/wp-content\/uploads\/2016\/01\/pba-sdela4.jpg 540w\" sizes=\"auto, (max-width: 169px) 100vw, 169px\" \/><\/a> <a href=\"https:\/\/ocorreionews.com.br\/wp-content\/uploads\/2016\/01\/pba-sdela3.jpg\" rel=\"attachment wp-att-19562\"><img loading=\"lazy\" decoding=\"async\" class=\"alignnone size-medium wp-image-19562\" src=\"https:\/\/ocorreionews.com.br\/wp-content\/uploads\/2016\/01\/pba-sdela3-300x169.jpg\" alt=\"pba sdela3\" width=\"300\" height=\"169\" srcset=\"https:\/\/www.ocorreionews.com.br\/acervo-correio\/wp-content\/uploads\/2016\/01\/pba-sdela3-300x169.jpg 300w, https:\/\/www.ocorreionews.com.br\/acervo-correio\/wp-content\/uploads\/2016\/01\/pba-sdela3-768x432.jpg 768w, https:\/\/www.ocorreionews.com.br\/acervo-correio\/wp-content\/uploads\/2016\/01\/pba-sdela3.jpg 960w\" sizes=\"auto, (max-width: 300px) 100vw, 300px\" \/><\/a> <a href=\"https:\/\/ocorreionews.com.br\/wp-content\/uploads\/2016\/01\/pba-sdela2.jpg\" rel=\"attachment wp-att-19561\"><img loading=\"lazy\" decoding=\"async\" class=\"alignnone size-medium wp-image-19561\" src=\"https:\/\/ocorreionews.com.br\/wp-content\/uploads\/2016\/01\/pba-sdela2-169x300.jpg\" alt=\"pba sdela2\" width=\"169\" height=\"300\" srcset=\"https:\/\/www.ocorreionews.com.br\/acervo-correio\/wp-content\/uploads\/2016\/01\/pba-sdela2-169x300.jpg 169w, https:\/\/www.ocorreionews.com.br\/acervo-correio\/wp-content\/uploads\/2016\/01\/pba-sdela2.jpg 540w\" sizes=\"auto, (max-width: 169px) 100vw, 169px\" \/><\/a><\/p>\n<p style=\"text-align: justify;\">\n","protected":false},"excerpt":{"rendered":"<p>A Pol\u00edcia Civil de Parana\u00edba deflagrou hoje a opera\u00e7\u00e3o \u201cselaria off-line\u201d na qual vinha trabalhando acerca de cinco meses. Esta investiga\u00e7\u00e3o visou coibir a entrada de aparelhos celulares no Estabelecimento Penal de Parana\u00edba \u2013 EPPAR. O S.I.G. passou os \u00faltimos meses fazendo acompanhamento e identificando algumas pessoas respons\u00e1veis pela arrecada\u00e7\u00e3o e envio de celulares ao [&hellip;]<\/p>\n","protected":false},"author":4,"featured_media":19566,"comment_status":"closed","ping_status":"closed","sticky":false,"template":"","format":"standard","meta":{"footnotes":""},"categories":[38],"tags":[],"class_list":["post-19559","post","type-post","status-publish","format-standard","has-post-thumbnail","hentry","category-policia"],"_links":{"self":[{"href":"https:\/\/www.ocorreionews.com.br\/acervo-correio\/index.php?rest_route=\/wp\/v2\/posts\/19559","targetHints":{"allow":["GET"]}}],"collection":[{"href":"https:\/\/www.ocorreionews.com.br\/acervo-correio\/index.php?rest_route=\/wp\/v2\/posts"}],"about":[{"href":"https:\/\/www.ocorreionews.com.br\/acervo-correio\/index.php?rest_route=\/wp\/v2\/types\/post"}],"author":[{"embeddable":true,"href":"https:\/\/www.ocorreionews.com.br\/acervo-correio\/index.php?rest_route=\/wp\/v2\/users\/4"}],"replies":[{"embeddable":true,"href":"https:\/\/www.ocorreionews.com.br\/acervo-correio\/index.php?rest_route=%2Fwp%2Fv2%2Fcomments&post=19559"}],"version-history":[{"count":0,"href":"https:\/\/www.ocorreionews.com.br\/acervo-correio\/index.php?rest_route=\/wp\/v2\/posts\/19559\/revisions"}],"wp:featuredmedia":[{"embeddable":true,"href":"https:\/\/www.ocorreionews.com.br\/acervo-correio\/index.php?rest_route=\/wp\/v2\/media\/19566"}],"wp:attachment":[{"href":"https:\/\/www.ocorreionews.com.br\/acervo-correio\/index.php?rest_route=%2Fwp%2Fv2%2Fmedia&parent=19559"}],"wp:term":[{"taxonomy":"category","embeddable":true,"href":"https:\/\/www.ocorreionews.com.br\/acervo-correio\/index.php?rest_route=%2Fwp%2Fv2%2Fcategories&post=19559"},{"taxonomy":"post_tag","embeddable":true,"href":"https:\/\/www.ocorreionews.com.br\/acervo-correio\/index.php?rest_route=%2Fwp%2Fv2%2Ftags&post=19559"}],"curies":[{"name":"wp","href":"https:\/\/api.w.org\/{rel}","templated":true}]}}