{"id":19570,"date":"2016-01-27T14:24:02","date_gmt":"2016-01-27T17:24:02","guid":{"rendered":"https:\/\/ocorreionews.com.br\/?p=19570"},"modified":"2016-01-27T14:24:02","modified_gmt":"2016-01-27T17:24:02","slug":"fortalecimento-economico-de-alcinopolis-e-pauta-de-encontro-na-semade","status":"publish","type":"post","link":"https:\/\/www.ocorreionews.com.br\/acervo-correio\/?p=19570","title":{"rendered":"Fortalecimento econ\u00f4mico de Alcin\u00f3polis \u00e9 pauta de encontro na Semade"},"content":{"rendered":"<p>Durante reuni\u00e3o ocorrida no fim da tarde de ter\u00e7a-feira (26) na Secretaria de Meio Ambiente e Desenvolvimento Econ\u00f4mico, o secret\u00e1rio adjunto Ricardo Senna e o prefeito de Alcin\u00f3polis, Ildomar Carneiro, discutiram projetos para o crescimento das cadeias produtivas do munic\u00edpio.<\/p>\n<p>Alcin\u00f3polis, no Norte do Estado, est\u00e1 nos planos estrat\u00e9gicos do Governo do Estado para o desenvolvimento da regi\u00e3o. Durante o encontro foram analisados os entraves a um pleno processo de desenvolvimento econ\u00f4mico, principalmente no agroneg\u00f3cio, e as alternativas para diversifica\u00e7\u00e3o produtiva.<\/p>\n<p>De acordo com o secret\u00e1rio adjunto Ricardo Senna, a Semade est\u00e1 de portas abertas para discutir e celebrar com os prefeitos dos 79 munic\u00edpios projetos que incentivem o desenvolvimento sustent\u00e1vel. \u201cA parceria \u00e9 importante para avaliar os gargalos produtivos, otimizar os diferentes setores e incentivar a diversifica\u00e7\u00e3o econ\u00f4mica\u201d.<\/p>\n<p>A base econ\u00f4mica de Alcin\u00f3polis \u00e9 agropecu\u00e1ria e o com\u00e9rcio. Na lavoura destacam-se o abacaxi, algod\u00e3o, arroz, banana, borracha, coco da bahia, feij\u00e3o, girassol, laranja mandioca, milho, soja, sorgo e trigo. Tamb\u00e9m conta com rebanho consider\u00e1vel de gado, su\u00ednos, ovinos e uma extensa cria\u00e7\u00e3o de aves.<\/p>\n<p><em>Semade<\/em><\/p>\n","protected":false},"excerpt":{"rendered":"<p>Durante reuni\u00e3o ocorrida no fim da tarde de ter\u00e7a-feira (26) na Secretaria de Meio Ambiente e Desenvolvimento Econ\u00f4mico, o secret\u00e1rio adjunto Ricardo Senna e o prefeito de Alcin\u00f3polis, Ildomar Carneiro, discutiram projetos para o crescimento das cadeias produtivas do munic\u00edpio. Alcin\u00f3polis, no Norte do Estado, est\u00e1 nos planos estrat\u00e9gicos do Governo do Estado para o [&hellip;]<\/p>\n","protected":false},"author":4,"featured_media":19571,"comment_status":"closed","ping_status":"closed","sticky":false,"template":"","format":"standard","meta":{"footnotes":""},"categories":[18],"tags":[],"class_list":["post-19570","post","type-post","status-publish","format-standard","has-post-thumbnail","hentry","category-alcinopolis"],"_links":{"self":[{"href":"https:\/\/www.ocorreionews.com.br\/acervo-correio\/index.php?rest_route=\/wp\/v2\/posts\/19570","targetHints":{"allow":["GET"]}}],"collection":[{"href":"https:\/\/www.ocorreionews.com.br\/acervo-correio\/index.php?rest_route=\/wp\/v2\/posts"}],"about":[{"href":"https:\/\/www.ocorreionews.com.br\/acervo-correio\/index.php?rest_route=\/wp\/v2\/types\/post"}],"author":[{"embeddable":true,"href":"https:\/\/www.ocorreionews.com.br\/acervo-correio\/index.php?rest_route=\/wp\/v2\/users\/4"}],"replies":[{"embeddable":true,"href":"https:\/\/www.ocorreionews.com.br\/acervo-correio\/index.php?rest_route=%2Fwp%2Fv2%2Fcomments&post=19570"}],"version-history":[{"count":0,"href":"https:\/\/www.ocorreionews.com.br\/acervo-correio\/index.php?rest_route=\/wp\/v2\/posts\/19570\/revisions"}],"wp:featuredmedia":[{"embeddable":true,"href":"https:\/\/www.ocorreionews.com.br\/acervo-correio\/index.php?rest_route=\/wp\/v2\/media\/19571"}],"wp:attachment":[{"href":"https:\/\/www.ocorreionews.com.br\/acervo-correio\/index.php?rest_route=%2Fwp%2Fv2%2Fmedia&parent=19570"}],"wp:term":[{"taxonomy":"category","embeddable":true,"href":"https:\/\/www.ocorreionews.com.br\/acervo-correio\/index.php?rest_route=%2Fwp%2Fv2%2Fcategories&post=19570"},{"taxonomy":"post_tag","embeddable":true,"href":"https:\/\/www.ocorreionews.com.br\/acervo-correio\/index.php?rest_route=%2Fwp%2Fv2%2Ftags&post=19570"}],"curies":[{"name":"wp","href":"https:\/\/api.w.org\/{rel}","templated":true}]}}