{"id":19583,"date":"2016-01-28T08:43:22","date_gmt":"2016-01-28T11:43:22","guid":{"rendered":"https:\/\/ocorreionews.com.br\/?p=19583"},"modified":"2016-01-28T08:43:22","modified_gmt":"2016-01-28T11:43:22","slug":"melhor-idade-realizara-baile-de-carnaval-no-dia-03-de-fevereiro","status":"publish","type":"post","link":"https:\/\/www.ocorreionews.com.br\/acervo-correio\/?p=19583","title":{"rendered":"Melhor idade realizar\u00e1 baile de carnaval no dia 03 de fevereiro"},"content":{"rendered":"<p>A Secretaria Municipal de Assist\u00eancia Social, juntamente com o Projeto Conviver, convida todos os participantes do grupo da melhor de idade de Chapad\u00e3o do Sul para o tradicional baile de carnaval que acontece todos os anos.<\/p>\n<p>Este ano o baile ser\u00e1 dia 03 de feveveiro, no Centro de Conviv\u00eancia do Idoso, localizado na Avenida Goi\u00e1s, n\u00ba200, Flamboyant, com in\u00edcio \u00e0s 13 horas.<\/p>\n<p>O evento contar\u00e1 com a anima\u00e7\u00e3o de Edson e Val\u00e9ria e feira de artesanatos confeccionados pelas participantes da melhor idade. Os produtos ser\u00e3o vendidos a pre\u00e7os acess\u00edveis.<\/p>\n<p>A Secretaria informa ainda que o \u00f4nibus passar\u00e1 nos pontos como de costume no dia do baile.<\/p>\n<p>&nbsp;<\/p>\n<p>&nbsp;<\/p>\n<p>Assessoria<\/p>\n","protected":false},"excerpt":{"rendered":"<p>A Secretaria Municipal de Assist\u00eancia Social, juntamente com o Projeto Conviver, convida todos os participantes do grupo da melhor de idade de Chapad\u00e3o do Sul para o tradicional baile de carnaval que acontece todos os anos. Este ano o baile ser\u00e1 dia 03 de feveveiro, no Centro de Conviv\u00eancia do Idoso, localizado na Avenida Goi\u00e1s, [&hellip;]<\/p>\n","protected":false},"author":4,"featured_media":19584,"comment_status":"closed","ping_status":"closed","sticky":false,"template":"","format":"standard","meta":{"footnotes":""},"categories":[23],"tags":[],"class_list":["post-19583","post","type-post","status-publish","format-standard","has-post-thumbnail","hentry","category-chapadao-do-sul"],"_links":{"self":[{"href":"https:\/\/www.ocorreionews.com.br\/acervo-correio\/index.php?rest_route=\/wp\/v2\/posts\/19583","targetHints":{"allow":["GET"]}}],"collection":[{"href":"https:\/\/www.ocorreionews.com.br\/acervo-correio\/index.php?rest_route=\/wp\/v2\/posts"}],"about":[{"href":"https:\/\/www.ocorreionews.com.br\/acervo-correio\/index.php?rest_route=\/wp\/v2\/types\/post"}],"author":[{"embeddable":true,"href":"https:\/\/www.ocorreionews.com.br\/acervo-correio\/index.php?rest_route=\/wp\/v2\/users\/4"}],"replies":[{"embeddable":true,"href":"https:\/\/www.ocorreionews.com.br\/acervo-correio\/index.php?rest_route=%2Fwp%2Fv2%2Fcomments&post=19583"}],"version-history":[{"count":0,"href":"https:\/\/www.ocorreionews.com.br\/acervo-correio\/index.php?rest_route=\/wp\/v2\/posts\/19583\/revisions"}],"wp:featuredmedia":[{"embeddable":true,"href":"https:\/\/www.ocorreionews.com.br\/acervo-correio\/index.php?rest_route=\/wp\/v2\/media\/19584"}],"wp:attachment":[{"href":"https:\/\/www.ocorreionews.com.br\/acervo-correio\/index.php?rest_route=%2Fwp%2Fv2%2Fmedia&parent=19583"}],"wp:term":[{"taxonomy":"category","embeddable":true,"href":"https:\/\/www.ocorreionews.com.br\/acervo-correio\/index.php?rest_route=%2Fwp%2Fv2%2Fcategories&post=19583"},{"taxonomy":"post_tag","embeddable":true,"href":"https:\/\/www.ocorreionews.com.br\/acervo-correio\/index.php?rest_route=%2Fwp%2Fv2%2Ftags&post=19583"}],"curies":[{"name":"wp","href":"https:\/\/api.w.org\/{rel}","templated":true}]}}