{"id":19586,"date":"2016-01-28T08:47:59","date_gmt":"2016-01-28T11:47:59","guid":{"rendered":"https:\/\/ocorreionews.com.br\/?p=19586"},"modified":"2016-01-28T08:47:59","modified_gmt":"2016-01-28T11:47:59","slug":"governo-municipal-em-parceria-com-empreendedores-locais-realiza-na-proxima-quarta-feira-a-3a-edicao-da-feira-rica","status":"publish","type":"post","link":"https:\/\/www.ocorreionews.com.br\/acervo-correio\/?p=19586","title":{"rendered":"Governo Municipal em parceria com empreendedores locais realiza na pr\u00f3xima quarta-feira a 3\u00aa Edi\u00e7\u00e3o da Feira Rica"},"content":{"rendered":"<div class=\"marginBottom30px link-Internas\">\n<p>O Governo Municipal por meio da Secretaria de Agricultura e Desenvolvimento em parceria com os empreendedores locais realizam na pr\u00f3xima quarta-feira, 03 de fevereiro de 2016, a partir das 18 horas, a 3\u00aa Edi\u00e7\u00e3o da Feira Rica, no Mercado do Produtor.<\/p>\n<p>\u201cEstamos tendo sucesso nas edi\u00e7\u00f5es da Feira Rica, nosso objetivo est\u00e1 sendo alcan\u00e7ado que era fazermos com que a popula\u00e7\u00e3o costarriquense voltasse a frequentar o grande espa\u00e7o p\u00fablico que temos no Mercado do Produtor\u201d, enfatiza o prefeito Waldeli dos Santos Rosa.<\/p>\n<p>De acordo com o secret\u00e1rio de Agricultura e Desenvolvimento, Keyler Simey Garcia Barbosa, essa edi\u00e7\u00e3o da feira tamb\u00e9m ser\u00e1 como um \u201cesquenta para o 13\u00b0 Costa Folia\u201d, pois ir\u00e1 contar com a participa\u00e7\u00e3o dos blocos carnavalescos, e ainda, ter\u00e1 a participa\u00e7\u00e3o dos servidores da Secretaria Municipal de Sa\u00fade que v\u00e3o realizar uma Blitz Educativa de Combate a Dengue e tamb\u00e9m v\u00e3o distribuir panfletos, passar v\u00eddeos educativos e fazer testes de sensibilidade em alus\u00e3o ao Dia de Combate a Hansen\u00edase.<\/p>\n<p>No espa\u00e7o do Mercado do Produtor, os empreendedores est\u00e3o oferecendo os seguintes servi\u00e7os e produtos: artesanato, alimentos, vestu\u00e1rios, doces e guloseimas; cerimonial; decora\u00e7\u00e3o; brinquedos infantis; equipamentos eletr\u00f4nicos; semijoias; roupas \u00edntimas; acess\u00f3rios e presentes; bijuterias; tuppweware e pl\u00e1sticos; alum\u00ednios; moda infantil e adulto; confeitarias; esmaltarias; est\u00e9tica e beleza; cortinas e persianas; enxovais; academia e fitness; constru\u00e7\u00e3o civil e engenharia; croch\u00ea e bordados; artesanatos; embutidos e congelados;\u00a0 paisagismos; vasos decorativos; marketing e propaganda, entre outros.<\/p>\n<p>\u201cEsse projeto se tornou uma ferramenta importante para a comercializa\u00e7\u00e3o e divulga\u00e7\u00e3o dos produtos e servidos que s\u00e3o oferecidos em nossa cidade e para continuar tendo sucesso precisa da participa\u00e7\u00e3o da popula\u00e7\u00e3o. Chamamos todos a visitarem a 3\u00aa edi\u00e7\u00e3o da Feira Rica, que ocorre sempre na primeira quarta-feira do m\u00eas\u201d, frisou Keyler Simey.<\/p>\n<p><a href=\"https:\/\/ocorreionews.com.br\/wp-content\/uploads\/2016\/01\/3-feira-rica-cartaz.jpg\" rel=\"attachment wp-att-19587\"><img loading=\"lazy\" decoding=\"async\" class=\"alignnone wp-image-19587 size-full\" src=\"https:\/\/ocorreionews.com.br\/wp-content\/uploads\/2016\/01\/3-feira-rica-cartaz.jpg\" alt=\"3 feira rica cartaz\" width=\"800\" height=\"1157\" srcset=\"https:\/\/www.ocorreionews.com.br\/acervo-correio\/wp-content\/uploads\/2016\/01\/3-feira-rica-cartaz.jpg 800w, https:\/\/www.ocorreionews.com.br\/acervo-correio\/wp-content\/uploads\/2016\/01\/3-feira-rica-cartaz-207x300.jpg 207w, https:\/\/www.ocorreionews.com.br\/acervo-correio\/wp-content\/uploads\/2016\/01\/3-feira-rica-cartaz-768x1111.jpg 768w, https:\/\/www.ocorreionews.com.br\/acervo-correio\/wp-content\/uploads\/2016\/01\/3-feira-rica-cartaz-708x1024.jpg 708w\" sizes=\"auto, (max-width: 800px) 100vw, 800px\" \/><\/a><\/p>\n<\/div>\n<div class=\"marginBottom30px link-Internas\">ASSECOM\/PMCR<\/div>\n","protected":false},"excerpt":{"rendered":"<p>O Governo Municipal por meio da Secretaria de Agricultura e Desenvolvimento em parceria com os empreendedores locais realizam na pr\u00f3xima quarta-feira, 03 de fevereiro de 2016, a partir das 18 horas, a 3\u00aa Edi\u00e7\u00e3o da Feira Rica, no Mercado do Produtor. \u201cEstamos tendo sucesso nas edi\u00e7\u00f5es da Feira Rica, nosso objetivo est\u00e1 sendo alcan\u00e7ado que [&hellip;]<\/p>\n","protected":false},"author":4,"featured_media":19588,"comment_status":"closed","ping_status":"closed","sticky":false,"template":"","format":"standard","meta":{"footnotes":""},"categories":[25],"tags":[],"class_list":["post-19586","post","type-post","status-publish","format-standard","has-post-thumbnail","hentry","category-costa-rica"],"_links":{"self":[{"href":"https:\/\/www.ocorreionews.com.br\/acervo-correio\/index.php?rest_route=\/wp\/v2\/posts\/19586","targetHints":{"allow":["GET"]}}],"collection":[{"href":"https:\/\/www.ocorreionews.com.br\/acervo-correio\/index.php?rest_route=\/wp\/v2\/posts"}],"about":[{"href":"https:\/\/www.ocorreionews.com.br\/acervo-correio\/index.php?rest_route=\/wp\/v2\/types\/post"}],"author":[{"embeddable":true,"href":"https:\/\/www.ocorreionews.com.br\/acervo-correio\/index.php?rest_route=\/wp\/v2\/users\/4"}],"replies":[{"embeddable":true,"href":"https:\/\/www.ocorreionews.com.br\/acervo-correio\/index.php?rest_route=%2Fwp%2Fv2%2Fcomments&post=19586"}],"version-history":[{"count":0,"href":"https:\/\/www.ocorreionews.com.br\/acervo-correio\/index.php?rest_route=\/wp\/v2\/posts\/19586\/revisions"}],"wp:featuredmedia":[{"embeddable":true,"href":"https:\/\/www.ocorreionews.com.br\/acervo-correio\/index.php?rest_route=\/wp\/v2\/media\/19588"}],"wp:attachment":[{"href":"https:\/\/www.ocorreionews.com.br\/acervo-correio\/index.php?rest_route=%2Fwp%2Fv2%2Fmedia&parent=19586"}],"wp:term":[{"taxonomy":"category","embeddable":true,"href":"https:\/\/www.ocorreionews.com.br\/acervo-correio\/index.php?rest_route=%2Fwp%2Fv2%2Fcategories&post=19586"},{"taxonomy":"post_tag","embeddable":true,"href":"https:\/\/www.ocorreionews.com.br\/acervo-correio\/index.php?rest_route=%2Fwp%2Fv2%2Ftags&post=19586"}],"curies":[{"name":"wp","href":"https:\/\/api.w.org\/{rel}","templated":true}]}}