{"id":19590,"date":"2016-01-28T08:51:01","date_gmt":"2016-01-28T11:51:01","guid":{"rendered":"https:\/\/ocorreionews.com.br\/?p=19590"},"modified":"2016-01-28T08:52:38","modified_gmt":"2016-01-28T11:52:38","slug":"costa-rica-aqui-nao-tem-crise-mais-sim-obras-em-para-melhor-qualidade-de-vida-da-populacao","status":"publish","type":"post","link":"https:\/\/www.ocorreionews.com.br\/acervo-correio\/?p=19590","title":{"rendered":"Costa Rica: Aqui n\u00e3o tem crise, mais sim, obras  para melhor qualidade de vida da popula\u00e7\u00e3o"},"content":{"rendered":"<p>Enquanto muitos prefeitos do estado ficam choramingando pelos quantos, colocando suas incompet\u00eancias em cima da \u201ccrise\u201d, inventada por pol\u00edticos, o prefeito municipal de Costa Rica, Waldeli dos Santos Rosa, d\u00e1 um exemplo de como se administra com um or\u00e7amento bem planejado e alienado como suas despesas e todo m\u00eas lan\u00e7a uma obra na cidade, levando mais qualidade de vida para sua popula\u00e7\u00e3o.<\/p>\n<p>Nessa semana o prefeito reiniciou as obras do asfalto no Jardim Novo Horizonte. Obra essa que leva na bagagem nada mais do que qualidade de vida aos moradores.<\/p>\n<p>Ao contr\u00e1rio de Chapad\u00e3o do Sul, que 90% das obras iniciadas nos \u00faltimos TR\u00caS anos, n\u00e3o foram conclu\u00eddas, em Costa Rica, as obras s\u00e3o conclu\u00eddas dentro do prazo estabelecidos nos contratos. A raz\u00e3o de tudo isso, \u00e9 a administra\u00e7\u00e3o do prefeito, que no ato de homologar os contratos, com as empresas vencedoras do certame, somente assina a ordem de in\u00edcio do servi\u00e7o, ap\u00f3s pesquisar se a empresa tem e ter\u00e1 condi\u00e7\u00f5es de concluir a obra, com o valor licitado.<\/p>\n<p>Nessa \u00faltima ter\u00e7a-feira 26, o prefeito Waldeli dos Santos, juntamente com o vereador Lucas, aproveitando que estavam na capital, participando do lan\u00e7amento do campeonato estadual de futebol, fez uma visita ao gabinete da deputada federal Tereza Cristina e solicitou a viabiliza\u00e7\u00e3o de um mam\u00f3grafo para o seu munic\u00edpio.<\/p>\n<p><a href=\"https:\/\/ocorreionews.com.br\/wp-content\/uploads\/2016\/01\/waldeli-e-deputada.jpg\" rel=\"attachment wp-att-19592\"><img loading=\"lazy\" decoding=\"async\" class=\"alignnone wp-image-19592 size-medium\" src=\"https:\/\/ocorreionews.com.br\/wp-content\/uploads\/2016\/01\/waldeli-e-deputada-300x200.jpg\" alt=\"waldeli e deputada\" width=\"300\" height=\"200\" srcset=\"https:\/\/www.ocorreionews.com.br\/acervo-correio\/wp-content\/uploads\/2016\/01\/waldeli-e-deputada-300x200.jpg 300w, https:\/\/www.ocorreionews.com.br\/acervo-correio\/wp-content\/uploads\/2016\/01\/waldeli-e-deputada.jpg 720w\" sizes=\"auto, (max-width: 300px) 100vw, 300px\" \/><\/a><\/p>\n<p>Na \u00faltima segunda-feira (25) durante a abertura dos trabalhos do Legislativo de Costa Rica, o prefeito Waldeli dos Santos Rosas, participou da sess\u00e3o e ao fazer o uso da palavra, fez um breve retrospecto do seu ano administrativo e anunciou que 2016 ser\u00e1 o ano, em que Costa Rica Ter\u00e1 100% de asfalto na cidade, al\u00e9m de outras obras de grande import\u00e2ncia para o bem comum da sua popula\u00e7\u00e3o.<\/p>\n","protected":false},"excerpt":{"rendered":"<p>Enquanto muitos prefeitos do estado ficam choramingando pelos quantos, colocando suas incompet\u00eancias em cima da \u201ccrise\u201d, inventada por pol\u00edticos, o prefeito municipal de Costa Rica, Waldeli dos Santos Rosa, d\u00e1 um exemplo de como se administra com um or\u00e7amento bem planejado e alienado como suas despesas e todo m\u00eas lan\u00e7a uma obra na cidade, levando [&hellip;]<\/p>\n","protected":false},"author":4,"featured_media":19591,"comment_status":"closed","ping_status":"closed","sticky":false,"template":"","format":"standard","meta":{"footnotes":""},"categories":[25],"tags":[],"class_list":["post-19590","post","type-post","status-publish","format-standard","has-post-thumbnail","hentry","category-costa-rica"],"_links":{"self":[{"href":"https:\/\/www.ocorreionews.com.br\/acervo-correio\/index.php?rest_route=\/wp\/v2\/posts\/19590","targetHints":{"allow":["GET"]}}],"collection":[{"href":"https:\/\/www.ocorreionews.com.br\/acervo-correio\/index.php?rest_route=\/wp\/v2\/posts"}],"about":[{"href":"https:\/\/www.ocorreionews.com.br\/acervo-correio\/index.php?rest_route=\/wp\/v2\/types\/post"}],"author":[{"embeddable":true,"href":"https:\/\/www.ocorreionews.com.br\/acervo-correio\/index.php?rest_route=\/wp\/v2\/users\/4"}],"replies":[{"embeddable":true,"href":"https:\/\/www.ocorreionews.com.br\/acervo-correio\/index.php?rest_route=%2Fwp%2Fv2%2Fcomments&post=19590"}],"version-history":[{"count":0,"href":"https:\/\/www.ocorreionews.com.br\/acervo-correio\/index.php?rest_route=\/wp\/v2\/posts\/19590\/revisions"}],"wp:featuredmedia":[{"embeddable":true,"href":"https:\/\/www.ocorreionews.com.br\/acervo-correio\/index.php?rest_route=\/wp\/v2\/media\/19591"}],"wp:attachment":[{"href":"https:\/\/www.ocorreionews.com.br\/acervo-correio\/index.php?rest_route=%2Fwp%2Fv2%2Fmedia&parent=19590"}],"wp:term":[{"taxonomy":"category","embeddable":true,"href":"https:\/\/www.ocorreionews.com.br\/acervo-correio\/index.php?rest_route=%2Fwp%2Fv2%2Fcategories&post=19590"},{"taxonomy":"post_tag","embeddable":true,"href":"https:\/\/www.ocorreionews.com.br\/acervo-correio\/index.php?rest_route=%2Fwp%2Fv2%2Ftags&post=19590"}],"curies":[{"name":"wp","href":"https:\/\/api.w.org\/{rel}","templated":true}]}}