{"id":19597,"date":"2016-01-28T09:04:31","date_gmt":"2016-01-28T12:04:31","guid":{"rendered":"https:\/\/ocorreionews.com.br\/?p=19597"},"modified":"2016-01-28T09:04:31","modified_gmt":"2016-01-28T12:04:31","slug":"tecnico-agricola-de-24-anos-bate-moto-em-trator-e-morre","status":"publish","type":"post","link":"https:\/\/www.ocorreionews.com.br\/acervo-correio\/?p=19597","title":{"rendered":"T\u00e9cnico agr\u00edcola de 24 anos bate moto em trator e morre"},"content":{"rendered":"<p>O t\u00e9cnico agr\u00edcola Alexandre Ara\u00fajo Alberto, de 24 anos, morreu em acidente na MS-376, em Vicentina, por volta das 20h de ontem (27).<\/p>\n<p>Conforme informa\u00e7\u00f5es do site Vicentina Online, a v\u00edtima conduzia uma Biz quando bateu atr\u00e1s de um trator, que tamb\u00e9m transitava pela rodovia. Alexandre teve morte instant\u00e2nea.<\/p>\n<p>O motorista da m\u00e1quina agr\u00edcola teria ficado em estado de choque e foi levado ao hospital da cidade. Depois, foi encaminhado \u00e0 delegacia para ser interrogado.<\/p>\n<p>A v\u00edtima morava em fazenda, nas proximidades de onde o acidente aconteceu.<\/p>\n<p>&nbsp;<\/p>\n<p>&nbsp;<\/p>\n<p>Correio Do Estado<\/p>\n","protected":false},"excerpt":{"rendered":"<p>O t\u00e9cnico agr\u00edcola Alexandre Ara\u00fajo Alberto, de 24 anos, morreu em acidente na MS-376, em Vicentina, por volta das 20h de ontem (27). Conforme informa\u00e7\u00f5es do site Vicentina Online, a v\u00edtima conduzia uma Biz quando bateu atr\u00e1s de um trator, que tamb\u00e9m transitava pela rodovia. Alexandre teve morte instant\u00e2nea. O motorista da m\u00e1quina agr\u00edcola teria [&hellip;]<\/p>\n","protected":false},"author":4,"featured_media":19598,"comment_status":"closed","ping_status":"closed","sticky":false,"template":"","format":"standard","meta":{"footnotes":""},"categories":[38],"tags":[],"class_list":["post-19597","post","type-post","status-publish","format-standard","has-post-thumbnail","hentry","category-policia"],"_links":{"self":[{"href":"https:\/\/www.ocorreionews.com.br\/acervo-correio\/index.php?rest_route=\/wp\/v2\/posts\/19597","targetHints":{"allow":["GET"]}}],"collection":[{"href":"https:\/\/www.ocorreionews.com.br\/acervo-correio\/index.php?rest_route=\/wp\/v2\/posts"}],"about":[{"href":"https:\/\/www.ocorreionews.com.br\/acervo-correio\/index.php?rest_route=\/wp\/v2\/types\/post"}],"author":[{"embeddable":true,"href":"https:\/\/www.ocorreionews.com.br\/acervo-correio\/index.php?rest_route=\/wp\/v2\/users\/4"}],"replies":[{"embeddable":true,"href":"https:\/\/www.ocorreionews.com.br\/acervo-correio\/index.php?rest_route=%2Fwp%2Fv2%2Fcomments&post=19597"}],"version-history":[{"count":0,"href":"https:\/\/www.ocorreionews.com.br\/acervo-correio\/index.php?rest_route=\/wp\/v2\/posts\/19597\/revisions"}],"wp:featuredmedia":[{"embeddable":true,"href":"https:\/\/www.ocorreionews.com.br\/acervo-correio\/index.php?rest_route=\/wp\/v2\/media\/19598"}],"wp:attachment":[{"href":"https:\/\/www.ocorreionews.com.br\/acervo-correio\/index.php?rest_route=%2Fwp%2Fv2%2Fmedia&parent=19597"}],"wp:term":[{"taxonomy":"category","embeddable":true,"href":"https:\/\/www.ocorreionews.com.br\/acervo-correio\/index.php?rest_route=%2Fwp%2Fv2%2Fcategories&post=19597"},{"taxonomy":"post_tag","embeddable":true,"href":"https:\/\/www.ocorreionews.com.br\/acervo-correio\/index.php?rest_route=%2Fwp%2Fv2%2Ftags&post=19597"}],"curies":[{"name":"wp","href":"https:\/\/api.w.org\/{rel}","templated":true}]}}